{"id":8394,"date":"2020-11-23T17:29:44","date_gmt":"2020-11-23T23:29:44","guid":{"rendered":"https:\/\/encuentroinformativo.com.mx\/?p=8394"},"modified":"2020-11-23T17:29:47","modified_gmt":"2020-11-23T23:29:47","slug":"celebran-panistas-resolucion-de-suprema-corte-sobre-reforma-electoral","status":"publish","type":"post","link":"https:\/\/encuentroinformativo.com.mx\/?p=8394","title":{"rendered":"Celebran panistas resoluci\u00f3n de Suprema Corte sobre Reforma Electoral"},"content":{"rendered":"\n<p><strong>Juan Arcos <\/strong><\/p>\n\n\n\n<p>Xalapa, Ver.- El dirigente estatal del Partido Acci\u00f3n Nacional (PAN), Joaqu\u00edn Guzm\u00e1n Avil\u00e9s, festej\u00f3 que la Suprema Corte de Justicia de la Naci\u00f3n (SCJN) haya declarado inconstitucional el decreto 576\u00a0que reforma y adiciona disposiciones a la Constituci\u00f3n local y al C\u00f3digo Electoral de Veracruz, aprobado por la mayor\u00eda morenista en mayo de este a\u00f1o.<\/p>\n\n\n\n<p>Record\u00f3 que desde el principio se denunci\u00f3 que dicha reforma era inconstitucional y violatoria de los derechos de las y los ciudadanos, pues hab\u00eda sido planeada para cometer un fraude en la elecci\u00f3n 2021 y 2024.<\/p>\n\n\n\n<p>\u201cFuimos el \u00fanico partido que vot\u00f3 en contra de la reforma de Morena. Lo hicimos as\u00ed, porque sab\u00edamos que era una reforma ama\u00f1ada, creada para proteger al Gobernador del Estado de la revocaci\u00f3n de mandato\u201d.<\/p>\n\n\n\n<p>Se\u00f1al\u00f3 que la resoluci\u00f3n un\u00e1nime de la Suprema Corte de Justicia demuestra que a\u00fan existen instituciones s\u00f3lidas y establece que el pr\u00f3ximo proceso electoral se regir\u00e1 por las normas a\u00fan vigentes.<\/p>\n\n\n\n<p>\u201cAdem\u00e1s, la legislaci\u00f3n que cobra vigor, a partir de esta resoluci\u00f3n, no podr\u00e1 ser reformada durante el proceso electoral.Estamos defendiendo a la democracia, con resultados\u201d.<\/p>\n\n\n\n<p>El l\u00edder albiazul record\u00f3 que hace unos d\u00edas, la Sala Regional Xalapa del Tribunal Electoral del Poder Judicial de la Federaci\u00f3n, revoc\u00f3 la sentencia del Tribunal Electoral del Estado que hab\u00eda validado cambios presupuestales a los partidos pol\u00edticos, durante este 2020, a partir de la misma reforma electoral de mayo de este a\u00f1o.<\/p>\n\n\n\n<p>\u201cLa Sala Regional se\u00f1al\u00f3 que resulta inaplicable, ya que sus efectos son contradictorios a la normatividad constitucional, justo como lo advertimos en el PAN desde la presentaci\u00f3n de la reforma\u201d, a\u00f1adi\u00f3 Guzm\u00e1n Avil\u00e9s.<\/p>\n\n\n\n<p>El dirigente del PAN en Veracruz asever\u00f3 que desde hace 81 a\u00f1os, su partido ha luchado en defensa de la democracia, por un estado donde prevalezca el respeto a la ley, a las instituciones, y a las y los ciudadanos.<\/p>\n\n\n\n<p>\u201cHoy vemos que la lucha ha valido la pena. Que el esfuerzo del PAN se ve reflejado cuando las instituciones le dan la raz\u00f3n a la legalidad y la democracia\u201d, remat\u00f3.<\/p>\n\n\n\n<p><\/p>\n","protected":false},"excerpt":{"rendered":"<p>Juan Arcos Xalapa, Ver.- El dirigente estatal del Partido Acci\u00f3n Nacional (PAN), Joaqu\u00edn Guzm\u00e1n Avil\u00e9s, festej\u00f3 que la Suprema Corte de Justicia de la Naci\u00f3n (SCJN) haya declarado inconstitucional el decreto 576\u00a0que reforma y adiciona disposiciones a la Constituci\u00f3n local y al C\u00f3digo Electoral de Veracruz, aprobado por la mayor\u00eda morenista en mayo de este [&hellip;]<\/p>\n","protected":false},"author":1,"featured_media":8395,"comment_status":"open","ping_status":"open","sticky":false,"template":"","format":"standard","meta":{"_jetpack_memberships_contains_paid_content":false,"footnotes":""},"categories":[2],"tags":[],"class_list":["post-8394","post","type-post","status-publish","format-standard","has-post-thumbnail","hentry","category-estado"],"jetpack_featured_media_url":"https:\/\/encuentroinformativo.com.mx\/wp-content\/uploads\/2020\/11\/E1389AB3-5AF9-45EA-8539-94A3537AD670.jpeg","jetpack_sharing_enabled":true,"jetpack_likes_enabled":true,"amp_enabled":true,"_links":{"self":[{"href":"https:\/\/encuentroinformativo.com.mx\/index.php?rest_route=\/wp\/v2\/posts\/8394","targetHints":{"allow":["GET"]}}],"collection":[{"href":"https:\/\/encuentroinformativo.com.mx\/index.php?rest_route=\/wp\/v2\/posts"}],"about":[{"href":"https:\/\/encuentroinformativo.com.mx\/index.php?rest_route=\/wp\/v2\/types\/post"}],"author":[{"embeddable":true,"href":"https:\/\/encuentroinformativo.com.mx\/index.php?rest_route=\/wp\/v2\/users\/1"}],"replies":[{"embeddable":true,"href":"https:\/\/encuentroinformativo.com.mx\/index.php?rest_route=%2Fwp%2Fv2%2Fcomments&post=8394"}],"version-history":[{"count":1,"href":"https:\/\/encuentroinformativo.com.mx\/index.php?rest_route=\/wp\/v2\/posts\/8394\/revisions"}],"predecessor-version":[{"id":8396,"href":"https:\/\/encuentroinformativo.com.mx\/index.php?rest_route=\/wp\/v2\/posts\/8394\/revisions\/8396"}],"wp:featuredmedia":[{"embeddable":true,"href":"https:\/\/encuentroinformativo.com.mx\/index.php?rest_route=\/wp\/v2\/media\/8395"}],"wp:attachment":[{"href":"https:\/\/encuentroinformativo.com.mx\/index.php?rest_route=%2Fwp%2Fv2%2Fmedia&parent=8394"}],"wp:term":[{"taxonomy":"category","embeddable":true,"href":"https:\/\/encuentroinformativo.com.mx\/index.php?rest_route=%2Fwp%2Fv2%2Fcategories&post=8394"},{"taxonomy":"post_tag","embeddable":true,"href":"https:\/\/encuentroinformativo.com.mx\/index.php?rest_route=%2Fwp%2Fv2%2Ftags&post=8394"}],"curies":[{"name":"wp","href":"https:\/\/api.w.org\/{rel}","templated":true}]}}