{"id":8400,"date":"2020-11-24T10:03:45","date_gmt":"2020-11-24T16:03:45","guid":{"rendered":"https:\/\/encuentroinformativo.com.mx\/?p=8400"},"modified":"2020-11-24T10:06:38","modified_gmt":"2020-11-24T16:06:38","slug":"erosiona-camino-en-alvarado-temen-por-cableado-de-alta-tension","status":"publish","type":"post","link":"https:\/\/encuentroinformativo.com.mx\/?p=8400","title":{"rendered":"Erosiona camino en Alvarado, temen por cableado de alta tensi\u00f3n"},"content":{"rendered":"\n<p><strong>Alejandro \u00c1vila<\/strong><\/p>\n\n\n\n<p>Alvarado, Ver.- El camino que lleva al Instituto Tecnol\u00f3gico de Alvarado y a la Base Naval, erosion\u00f3 debido al constante golpeteo del mar; el problema, es que representa un gran riesgo para decenas de personas debido al cableado subterraneo de alta tensi\u00f3n.<\/p>\n\n\n\n<p>El ingeniero Erick Ayala, detalla que ese camino fue habilitado por Gobierno del Estado hace poco m\u00e1s de 15 a\u00f1os.<\/p>\n\n\n\n<p>Desde aquella fecha y debido al aumento de las mareas con el oleaje directo, ya que no hay protecci\u00f3n directa, el mar ha entrado franco y poco a poco ha ido mermando el interior del camino hasta hacerlo colapsar.<\/p>\n\n\n\n<p>&#8220;Hace como 10 a\u00f1os pusieron un sistema de protecci\u00f3n de piedra artificial llamado gaviones, que funcion\u00f3 en su momento, pero todav\u00eda quedaba playa, donde estaban los gaviones todav\u00eda quedaba playa, todav\u00eda hab\u00eda como 40 metros de playa, el agua romp\u00eda naturalmente y no llegaba hasta el gavi\u00f3n, ahorita con el aumento del nivel del mar, pues ahora s\u00ed ya qued\u00f3 expuesto el gavi\u00f3n, se erosionaron en la cimentaci\u00f3n y los derrumb\u00f3, y el bordo qued\u00f3 descubierto y fue comiendose el mar ese bordo&#8221;, explic\u00f3.<\/p>\n\n\n\n<p>Toda aquella persona de la cabecera municipal o que conoce la zona, para ir a la playa de La Trocha, ha utilizado los terrenos alternos al camino, donde abren brecha para poder llegar a disfrutar la playa, de la misma manera lo hacen quienes van a la Base Naval o el Instituto Tecnol\u00f3gico de Alvarado.<\/p>\n\n\n\n<p>&#8220;Ahorita con los nortes fuertes que ha habido y la fuerte marejada, aument\u00f3 m\u00e1s la erosi\u00f3n, ya se comi\u00f3 parte de ese camino improvisado, se van a abrir otros, ahorita el riesgo es lo que se ve ah\u00ed en las graficas, son los postes de luz y alumbrado, y el cableado subterraneo, el cableado subterraneo es de alta tensi\u00f3n, que puede dejar sin energ\u00eda a la Base Naval y al Tecnol\u00f3gico de Alvarado&#8221;, coment\u00f3.<\/p>\n\n\n\n<p>La reparaci\u00f3n del camino podr\u00eda corresponder a la federaci\u00f3n o en su defecto, si le fue otorgada la concesi\u00f3n del margen derecho del R\u00edo Papaloapan a Gobierno del Estado -desde Carlos A. Carrillo hasta su desembocadura en Alvarado- como lo solicit\u00f3 en su momento el ex gobernador Fidel Herrera Beltr\u00e1n, entonces los trabajos de mejora le corresponder\u00edan a la Administraci\u00f3n Portuaria que depende de la Secretar\u00eda de Desarrollo Economico y Portuario (SEDECOP).<\/p>\n\n\n\n<p>&#8220;Podr\u00eda ser que tambi\u00e9n lo arregle la Secretar\u00eda de Marina, ya ves que las obras maritimas y puertos pasaron a la Secretar\u00eda de Marina y como tienen su Base Naval, posiblemente sea una obra que tenga ah\u00ed que ejecutar la Secretar\u00eda de Marina&#8221;, culmin\u00f3.<\/p>\n\n\n\n<figure class=\"wp-block-image size-large\"><img loading=\"lazy\" decoding=\"async\" width=\"720\" height=\"960\" src=\"https:\/\/encuentroinformativo.com.mx\/wp-content\/uploads\/2020\/11\/742CC2E5-FBE6-4CF4-8744-B2D94A4E4F86.jpeg\" alt=\"\" class=\"wp-image-8402\" srcset=\"https:\/\/encuentroinformativo.com.mx\/wp-content\/uploads\/2020\/11\/742CC2E5-FBE6-4CF4-8744-B2D94A4E4F86.jpeg 720w, https:\/\/encuentroinformativo.com.mx\/wp-content\/uploads\/2020\/11\/742CC2E5-FBE6-4CF4-8744-B2D94A4E4F86-225x300.jpeg 225w\" sizes=\"auto, (max-width: 720px) 100vw, 720px\" \/><\/figure>\n","protected":false},"excerpt":{"rendered":"<p>Alejandro \u00c1vila Alvarado, Ver.- El camino que lleva al Instituto Tecnol\u00f3gico de Alvarado y a la Base Naval, erosion\u00f3 debido al constante golpeteo del mar; el problema, es que representa un gran riesgo para decenas de personas debido al cableado subterraneo de alta tensi\u00f3n. El ingeniero Erick Ayala, detalla que ese camino fue habilitado por [&hellip;]<\/p>\n","protected":false},"author":1,"featured_media":8401,"comment_status":"open","ping_status":"open","sticky":false,"template":"","format":"standard","meta":{"_jetpack_memberships_contains_paid_content":false,"footnotes":""},"categories":[2],"tags":[],"class_list":["post-8400","post","type-post","status-publish","format-standard","has-post-thumbnail","hentry","category-estado"],"jetpack_featured_media_url":"https:\/\/encuentroinformativo.com.mx\/wp-content\/uploads\/2020\/11\/711165FF-A789-4034-8E3D-B578D245C9A0.jpeg","jetpack_sharing_enabled":true,"jetpack_likes_enabled":true,"amp_enabled":true,"_links":{"self":[{"href":"https:\/\/encuentroinformativo.com.mx\/index.php?rest_route=\/wp\/v2\/posts\/8400","targetHints":{"allow":["GET"]}}],"collection":[{"href":"https:\/\/encuentroinformativo.com.mx\/index.php?rest_route=\/wp\/v2\/posts"}],"about":[{"href":"https:\/\/encuentroinformativo.com.mx\/index.php?rest_route=\/wp\/v2\/types\/post"}],"author":[{"embeddable":true,"href":"https:\/\/encuentroinformativo.com.mx\/index.php?rest_route=\/wp\/v2\/users\/1"}],"replies":[{"embeddable":true,"href":"https:\/\/encuentroinformativo.com.mx\/index.php?rest_route=%2Fwp%2Fv2%2Fcomments&post=8400"}],"version-history":[{"count":2,"href":"https:\/\/encuentroinformativo.com.mx\/index.php?rest_route=\/wp\/v2\/posts\/8400\/revisions"}],"predecessor-version":[{"id":8404,"href":"https:\/\/encuentroinformativo.com.mx\/index.php?rest_route=\/wp\/v2\/posts\/8400\/revisions\/8404"}],"wp:featuredmedia":[{"embeddable":true,"href":"https:\/\/encuentroinformativo.com.mx\/index.php?rest_route=\/wp\/v2\/media\/8401"}],"wp:attachment":[{"href":"https:\/\/encuentroinformativo.com.mx\/index.php?rest_route=%2Fwp%2Fv2%2Fmedia&parent=8400"}],"wp:term":[{"taxonomy":"category","embeddable":true,"href":"https:\/\/encuentroinformativo.com.mx\/index.php?rest_route=%2Fwp%2Fv2%2Fcategories&post=8400"},{"taxonomy":"post_tag","embeddable":true,"href":"https:\/\/encuentroinformativo.com.mx\/index.php?rest_route=%2Fwp%2Fv2%2Ftags&post=8400"}],"curies":[{"name":"wp","href":"https:\/\/api.w.org\/{rel}","templated":true}]}}