{"id":8405,"date":"2020-11-24T10:11:54","date_gmt":"2020-11-24T16:11:54","guid":{"rendered":"https:\/\/encuentroinformativo.com.mx\/?p=8405"},"modified":"2020-11-24T10:11:56","modified_gmt":"2020-11-24T16:11:56","slug":"convocan-estudiantes-a-paro-general-en-la-uv","status":"publish","type":"post","link":"https:\/\/encuentroinformativo.com.mx\/?p=8405","title":{"rendered":"Convocan estudiantes a paro general en la UV"},"content":{"rendered":"\n<p><strong>Alejandro \u00c1vila<\/strong><\/p>\n\n\n\n<p>Veracruz, Ver.- La comunidad estudiantil de la Universidad Veracruzana lanz\u00f3 la convocatoria en solidaridad con el pliego petitorio de la Facultad de Ciencias y T\u00e9cnicas de la Comunicaci\u00f3n (FACICO), para hacer un paro universitario de labores a partir de este mi\u00e9rcoles 25 de noviembre.<\/p>\n\n\n\n<p>Debido a los hechos dados a conocer hace unos d\u00edas por una estudiante de la FACICO, quien se\u00f1al\u00f3 a Joaqu\u00edn Kevin \u201cN\u201d de presuntamente haber robado fotograf\u00edas intimas de ella y difundirlas, situaci\u00f3n catalogada como \u201cviolaci\u00f3n a la intimidad sexual\u201d, se exige la sanci\u00f3n m\u00e1xima de la UV, que es la expulsi\u00f3n definitiva del agresor.<\/p>\n\n\n\n<p>\u201cLa tolerancia a este tipo de agresores en la comunidad de FACICO regi\u00f3n Veracruz existe, derivando en una sanci\u00f3n de suspensi\u00f3n por seis meses, en seis meses el agresor regresar\u00e1 a las aulas, as\u00ed como otros que a\u00fan se encuentran, como expresi\u00f3n de descontento a la resoluci\u00f3n que dieron las autoridades de la Universidad Veracruzana y en solidaridad, se convoca a un paro universitario de labores, el d\u00eda 25 de noviembre\u201d, relat\u00f3 la vocera de los solicitantes, quien pidi\u00f3 el anonimato por temor a represalias.<\/p>\n\n\n\n<p>Este paro, explic\u00f3, consiste en no entrar a clases, entregar tareas o proyectos, realizar ex\u00e1menes o cualquier otra actividad relacionada a la Universidad Veracruzana.<\/p>\n\n\n\n<p>\u201cTenemos totalmente rechazo a cualquier acto de violencia de g\u00e9nero contra las mujeres miembros de la comunidad universitaria, as\u00ed como en concordancia con el pliego petitorio de FACICO, se exige la sanci\u00f3n m\u00e1xima de acuerdo con el articulo 171 fracci\u00f3n IV del estatuto de los estudiantes de la Universidad Veracruzana, que consistente en la expulsi\u00f3n de Joaqu\u00edn Kevin \u201cN\u201d, estudiante de la Universidad Veracruzana\u201d, expres\u00f3.<\/p>\n\n\n\n<p>El paro, se detalla en comunicado, que se extiende a las regiones de Xalapa, Veracruz, C\u00f3rdoba \u2013 Orizaba, Poza Rica \u2013 Tuxpan y Coatzacoalcos \u2013 Minatitl\u00e1n.<\/p>\n","protected":false},"excerpt":{"rendered":"<p>Alejandro \u00c1vila Veracruz, Ver.- La comunidad estudiantil de la Universidad Veracruzana lanz\u00f3 la convocatoria en solidaridad con el pliego petitorio de la Facultad de Ciencias y T\u00e9cnicas de la Comunicaci\u00f3n (FACICO), para hacer un paro universitario de labores a partir de este mi\u00e9rcoles 25 de noviembre. Debido a los hechos dados a conocer hace unos [&hellip;]<\/p>\n","protected":false},"author":1,"featured_media":7327,"comment_status":"open","ping_status":"open","sticky":false,"template":"","format":"standard","meta":{"_jetpack_memberships_contains_paid_content":false,"footnotes":""},"categories":[2],"tags":[],"class_list":["post-8405","post","type-post","status-publish","format-standard","has-post-thumbnail","hentry","category-estado"],"jetpack_featured_media_url":"https:\/\/encuentroinformativo.com.mx\/wp-content\/uploads\/2020\/10\/91E1859E-5FF4-41F7-930F-662CA86C7F76.jpeg","jetpack_sharing_enabled":true,"jetpack_likes_enabled":true,"amp_enabled":true,"_links":{"self":[{"href":"https:\/\/encuentroinformativo.com.mx\/index.php?rest_route=\/wp\/v2\/posts\/8405","targetHints":{"allow":["GET"]}}],"collection":[{"href":"https:\/\/encuentroinformativo.com.mx\/index.php?rest_route=\/wp\/v2\/posts"}],"about":[{"href":"https:\/\/encuentroinformativo.com.mx\/index.php?rest_route=\/wp\/v2\/types\/post"}],"author":[{"embeddable":true,"href":"https:\/\/encuentroinformativo.com.mx\/index.php?rest_route=\/wp\/v2\/users\/1"}],"replies":[{"embeddable":true,"href":"https:\/\/encuentroinformativo.com.mx\/index.php?rest_route=%2Fwp%2Fv2%2Fcomments&post=8405"}],"version-history":[{"count":1,"href":"https:\/\/encuentroinformativo.com.mx\/index.php?rest_route=\/wp\/v2\/posts\/8405\/revisions"}],"predecessor-version":[{"id":8406,"href":"https:\/\/encuentroinformativo.com.mx\/index.php?rest_route=\/wp\/v2\/posts\/8405\/revisions\/8406"}],"wp:featuredmedia":[{"embeddable":true,"href":"https:\/\/encuentroinformativo.com.mx\/index.php?rest_route=\/wp\/v2\/media\/7327"}],"wp:attachment":[{"href":"https:\/\/encuentroinformativo.com.mx\/index.php?rest_route=%2Fwp%2Fv2%2Fmedia&parent=8405"}],"wp:term":[{"taxonomy":"category","embeddable":true,"href":"https:\/\/encuentroinformativo.com.mx\/index.php?rest_route=%2Fwp%2Fv2%2Fcategories&post=8405"},{"taxonomy":"post_tag","embeddable":true,"href":"https:\/\/encuentroinformativo.com.mx\/index.php?rest_route=%2Fwp%2Fv2%2Ftags&post=8405"}],"curies":[{"name":"wp","href":"https:\/\/api.w.org\/{rel}","templated":true}]}}