{"id":8410,"date":"2020-11-24T11:17:36","date_gmt":"2020-11-24T17:17:36","guid":{"rendered":"https:\/\/encuentroinformativo.com.mx\/?p=8410"},"modified":"2020-11-24T11:17:39","modified_gmt":"2020-11-24T17:17:39","slug":"los-golpes-de-la-reforma-electoral","status":"publish","type":"post","link":"https:\/\/encuentroinformativo.com.mx\/?p=8410","title":{"rendered":"Los golpes de la Reforma Electoral"},"content":{"rendered":"\n<p><strong>Los Pol\u00edticos<\/strong><\/p>\n\n\n\n<p><strong>Salvador Mu\u00f1oz<\/strong><\/p>\n\n\n\n<p>La resoluci\u00f3n de la Suprema Corte de Justicia de la Naci\u00f3n con respecto a la Reforma Electoral en Veracruz es un golpe de cuatro bandas por donde quiera que se le vea\u2026 pega al coordinador de la Jucopo, Juan Javier G\u00f3mez Cazar\u00edn; pega al entonces Presidente de la Mesa Directiva, Rub\u00e9n R\u00edos Uribe; pega al gobernador Cuitl\u00e1huac Garc\u00eda Jim\u00e9nez, y pega hasta al secretario de Finanzas, Jos\u00e9 Luis Lima Franco.<\/p>\n\n\n\n<p>La invalidez del Decreto 576 pone de nuevo las cosas en su lugar: siguen los Consejos Municipales y distritales as\u00ed como las Prerrogativas de los Partidos Pol\u00edticos al cien por ciento, entre otros aspectos.<\/p>\n\n\n\n<p>Para que la Suprema Corte de Justicia de la Naci\u00f3n resolviera como lo hizo, fue por una serie de violaciones al proceso legislativo como bien lo cit\u00f3 el dirigente del partido Podemos, Paco Garrido:<\/p>\n\n\n\n<p>1.- Impulsaron la reforma sin observar los principios del parlamento abierto, que impone la obligaci\u00f3n de escuchar a los organismos y personas que beneficia o afecta la medida legislativa previo a su emisi\u00f3n.<\/p>\n\n\n\n<p>2.- No solicitaron la opini\u00f3n de quienes s\u00ed conocen la materia electoral como son autoridades electorales, partidos pol\u00edticos, o m\u00e1s grave: a la ciudadan\u00eda.<\/p>\n\n\n\n<p>3.- En el dictamen de la comisi\u00f3n de puntos constitucionales, no se aport\u00f3 ning\u00fan an\u00e1lisis t\u00e9cnico financiero que acreditara que la instalaci\u00f3n de consejos municipales constituyan gastos superfluos.<br>En pocas palabras: no se ocup\u00f3 correctamente la normatividad y no hubo transparencia en el proceso.<br>Para tratar de ser m\u00e1s claros, al referirse a &#8220;Violaciones al procedimiento&#8221;, se abarca no s\u00f3lo lo contemplado por Podemos en l\u00edneas arriba, sino diversas omisiones en la observaci\u00f3n de las normas que rigen la vida del Congreso del Estado y que otorgan validez a las normas que \u00e9ste emite, \u00bfc\u00f3mo? a trav\u00e9s de la direcci\u00f3n de la presidencia de la Mesa Directiva, que en ese entonces, cuando ocurri\u00f3 la Reforma Electoral, era encabezada por Rub\u00e9n R\u00edos Uribe.<\/p>\n\n\n\n<p>\u00bfEn qu\u00e9 desembocan estas omisiones? en algo que se puede llamar como Incumplimiento del Deber Legal por parte del presidente y si se descuidan, hasta otras \u00e1reas del Congreso.<\/p>\n\n\n\n<p>\u00bfQu\u00e9 nos dice el C\u00f3digo Penal con respecto a este detallito en que a todas luces incurri\u00f3 R\u00edos Uribe? El art\u00edculo 319 dice que se impondr\u00e1n de uno a ocho a\u00f1os de prisi\u00f3n y multa hasta doscientos d\u00edas de salario al servidor p\u00fablico que deje de cumplir con los deberes inherentes a su empleo, cargo o comisi\u00f3n en perjuicio de los derechos de un tercero.<\/p>\n\n\n\n<p>\u00a1Aguas! porque de suspirante a la candidatura por C\u00f3rdoba, Rub\u00e9n R\u00edos pase a ser candidato a Amatl\u00e1n\u2026<\/p>\n\n\n\n<p>Con R\u00edos Uribe tendr\u00edamos el primer trancazo\u2026 el segundo, para el titular de la Jucopo, Juan Javier G\u00f3mez Cazar\u00edn, a quien desconozco le alcance la responsabilidad que el entonces presidente de la Mesa Directiva asume, pero de que el ego lo tiene madreado, \u00a1lo tiene!; el tercer golpe, para quien propuso esta Reforma, all\u00e1 por marzo: Cuitl\u00e1huac Garc\u00eda Jim\u00e9nez, quien pretend\u00eda \u201cahorrarse\u201d 532 millones con palabras m\u00e1s o menos as\u00ed: \u201ctiene que ver con la atenci\u00f3n de posibles emergencias por el coronavirus, pues las medidas tomadas hoy repercutir\u00e1n en las finanzas del Estado\u201d. \u00a1Cu\u00e1nta pinche raz\u00f3n ten\u00eda porque ahora, su propuesta avalada por la mayor\u00eda de su partido, ha de repercutir en Sefiplan, donde es seguro que su titular (el cuarto golpe), Jos\u00e9 Luis Lima Franco, se est\u00e9 tronando los dedos para ver de d\u00f3nde ha de sacar lo que se le debe a los partidos pol\u00edticos\u2026 \u00a1ah! pero para qu\u00e9 est\u00e1n las deudas\u2026 una pellizcada al pr\u00e9stamo, \u00a1y asunto resuelto!<\/p>\n\n\n\n<p><a href=\"mailto:smcainito@gmail.com\" target=\"_blank\" rel=\"noreferrer noopener\">smcainito@gmail.com<\/a><\/p>\n","protected":false},"excerpt":{"rendered":"<p>Los Pol\u00edticos Salvador Mu\u00f1oz La resoluci\u00f3n de la Suprema Corte de Justicia de la Naci\u00f3n con respecto a la Reforma Electoral en Veracruz es un golpe de cuatro bandas por donde quiera que se le vea\u2026 pega al coordinador de la Jucopo, Juan Javier G\u00f3mez Cazar\u00edn; pega al entonces Presidente de la Mesa Directiva, Rub\u00e9n [&hellip;]<\/p>\n","protected":false},"author":1,"featured_media":387,"comment_status":"open","ping_status":"open","sticky":false,"template":"","format":"standard","meta":{"_jetpack_memberships_contains_paid_content":false,"footnotes":""},"categories":[11],"tags":[],"class_list":["post-8410","post","type-post","status-publish","format-standard","has-post-thumbnail","hentry","category-opinion"],"jetpack_featured_media_url":"https:\/\/encuentroinformativo.com.mx\/wp-content\/uploads\/2020\/03\/7CF8A22B-2764-47BE-8F7F-38FE9E5D6A2F.jpeg","jetpack_sharing_enabled":true,"jetpack_likes_enabled":true,"amp_enabled":true,"_links":{"self":[{"href":"https:\/\/encuentroinformativo.com.mx\/index.php?rest_route=\/wp\/v2\/posts\/8410","targetHints":{"allow":["GET"]}}],"collection":[{"href":"https:\/\/encuentroinformativo.com.mx\/index.php?rest_route=\/wp\/v2\/posts"}],"about":[{"href":"https:\/\/encuentroinformativo.com.mx\/index.php?rest_route=\/wp\/v2\/types\/post"}],"author":[{"embeddable":true,"href":"https:\/\/encuentroinformativo.com.mx\/index.php?rest_route=\/wp\/v2\/users\/1"}],"replies":[{"embeddable":true,"href":"https:\/\/encuentroinformativo.com.mx\/index.php?rest_route=%2Fwp%2Fv2%2Fcomments&post=8410"}],"version-history":[{"count":1,"href":"https:\/\/encuentroinformativo.com.mx\/index.php?rest_route=\/wp\/v2\/posts\/8410\/revisions"}],"predecessor-version":[{"id":8411,"href":"https:\/\/encuentroinformativo.com.mx\/index.php?rest_route=\/wp\/v2\/posts\/8410\/revisions\/8411"}],"wp:featuredmedia":[{"embeddable":true,"href":"https:\/\/encuentroinformativo.com.mx\/index.php?rest_route=\/wp\/v2\/media\/387"}],"wp:attachment":[{"href":"https:\/\/encuentroinformativo.com.mx\/index.php?rest_route=%2Fwp%2Fv2%2Fmedia&parent=8410"}],"wp:term":[{"taxonomy":"category","embeddable":true,"href":"https:\/\/encuentroinformativo.com.mx\/index.php?rest_route=%2Fwp%2Fv2%2Fcategories&post=8410"},{"taxonomy":"post_tag","embeddable":true,"href":"https:\/\/encuentroinformativo.com.mx\/index.php?rest_route=%2Fwp%2Fv2%2Ftags&post=8410"}],"curies":[{"name":"wp","href":"https:\/\/api.w.org\/{rel}","templated":true}]}}