{"id":8418,"date":"2020-11-24T08:03:38","date_gmt":"2020-11-24T14:03:38","guid":{"rendered":"https:\/\/encuentroinformativo.com.mx\/?p=8418"},"modified":"2020-11-24T12:06:23","modified_gmt":"2020-11-24T18:06:23","slug":"fuerza-por-mexico-promovera-inclusion","status":"publish","type":"post","link":"https:\/\/encuentroinformativo.com.mx\/?p=8418","title":{"rendered":"Fuerza por M\u00e9xico promover\u00e1 inclusi\u00f3n"},"content":{"rendered":"\n<p><strong>Alejandro \u00c1vila<\/strong><\/p>\n\n\n\n<p>Xalapa, Ver.- El Comit\u00e9 Directivo Estatal del Partido Fuerza por M\u00e9xico qued\u00f3 integrado en Veracruz, siendo Eduardo Vega Yunes quien llevar\u00e1 las riendas de esta novel corriente pol\u00edtica en la entidad veracruzana.<\/p>\n\n\n\n<p>El partido que sufri\u00f3 para lograr su aprobaci\u00f3n ante el Instituto Nacional Electoral (INE) se asume con compromisos serios y temas que dijo, son de relevancia en Veracruz, se trata de promover la equidad de g\u00e9nero y darles respaldo a los j\u00f3venes.<\/p>\n\n\n\n<p>Durante la presentaci\u00f3n del equipo de trabajo, Fuerza por M\u00e9xico se\u00f1al\u00f3 que asumir\u00e1 un compromiso firme con la defensa de los derechos de las mujeres, su inclusi\u00f3n y su participaci\u00f3n activa en la vida pol\u00edtica del pa\u00eds, ya que existe plena conciencia sobre el problema de la violencia que viven las mujeres en el pa\u00eds.<\/p>\n\n\n\n<p>\u201cFuerza por M\u00e9xico, en Veracruz y en todo el pa\u00eds, impulsar\u00e1 el reconocimiento de los matrimonios igualitarios, sin cortapisas. Somos partidarios de la igualdad en todas sus expresiones\u201d, asest\u00f3 Vega Yunes.<\/p>\n\n\n\n<p>Seg\u00fan sus estatutos, el novel partido pol\u00edtico ser\u00e1 quien aglutine las demandas de los grupos de la sociedad que no han encontrado una respuesta en los partidos pol\u00edticos tradicionales.<\/p>\n\n\n\n<p>\u201cNo somos una extensi\u00f3n de ninguna expresi\u00f3n pol\u00edtica. Participaremos en la vida pol\u00edtica de Veracruz con actores pol\u00edticos y liderazgos sociales frescos, no reciclaremos a nadie\u201d, subray\u00f3.<\/p>\n\n\n\n<p>Finalmente, exhort\u00f3 a los integrantes de Fuerza por M\u00e9xico a trabajar de forma comprometida para consolidar esta nueva expresi\u00f3n pol\u00edtica nacional y a sumar esfuerzos para la integraci\u00f3n de la estructura en los 212 municipios dando prioridad a mujeres y actores j\u00f3venes que deseen participar en la vida pol\u00edtica de Veracruz.<\/p>\n","protected":false},"excerpt":{"rendered":"<p>Alejandro \u00c1vila Xalapa, Ver.- El Comit\u00e9 Directivo Estatal del Partido Fuerza por M\u00e9xico qued\u00f3 integrado en Veracruz, siendo Eduardo Vega Yunes quien llevar\u00e1 las riendas de esta novel corriente pol\u00edtica en la entidad veracruzana. El partido que sufri\u00f3 para lograr su aprobaci\u00f3n ante el Instituto Nacional Electoral (INE) se asume con compromisos serios y temas [&hellip;]<\/p>\n","protected":false},"author":1,"featured_media":8419,"comment_status":"open","ping_status":"open","sticky":false,"template":"","format":"standard","meta":{"_jetpack_memberships_contains_paid_content":false,"footnotes":""},"categories":[2],"tags":[],"class_list":["post-8418","post","type-post","status-publish","format-standard","has-post-thumbnail","hentry","category-estado"],"jetpack_featured_media_url":"https:\/\/encuentroinformativo.com.mx\/wp-content\/uploads\/2020\/11\/3B990EA1-3888-4D74-BDB2-FDFE8E3C9121.jpeg","jetpack_sharing_enabled":true,"jetpack_likes_enabled":true,"amp_enabled":true,"_links":{"self":[{"href":"https:\/\/encuentroinformativo.com.mx\/index.php?rest_route=\/wp\/v2\/posts\/8418","targetHints":{"allow":["GET"]}}],"collection":[{"href":"https:\/\/encuentroinformativo.com.mx\/index.php?rest_route=\/wp\/v2\/posts"}],"about":[{"href":"https:\/\/encuentroinformativo.com.mx\/index.php?rest_route=\/wp\/v2\/types\/post"}],"author":[{"embeddable":true,"href":"https:\/\/encuentroinformativo.com.mx\/index.php?rest_route=\/wp\/v2\/users\/1"}],"replies":[{"embeddable":true,"href":"https:\/\/encuentroinformativo.com.mx\/index.php?rest_route=%2Fwp%2Fv2%2Fcomments&post=8418"}],"version-history":[{"count":1,"href":"https:\/\/encuentroinformativo.com.mx\/index.php?rest_route=\/wp\/v2\/posts\/8418\/revisions"}],"predecessor-version":[{"id":8420,"href":"https:\/\/encuentroinformativo.com.mx\/index.php?rest_route=\/wp\/v2\/posts\/8418\/revisions\/8420"}],"wp:featuredmedia":[{"embeddable":true,"href":"https:\/\/encuentroinformativo.com.mx\/index.php?rest_route=\/wp\/v2\/media\/8419"}],"wp:attachment":[{"href":"https:\/\/encuentroinformativo.com.mx\/index.php?rest_route=%2Fwp%2Fv2%2Fmedia&parent=8418"}],"wp:term":[{"taxonomy":"category","embeddable":true,"href":"https:\/\/encuentroinformativo.com.mx\/index.php?rest_route=%2Fwp%2Fv2%2Fcategories&post=8418"},{"taxonomy":"post_tag","embeddable":true,"href":"https:\/\/encuentroinformativo.com.mx\/index.php?rest_route=%2Fwp%2Fv2%2Ftags&post=8418"}],"curies":[{"name":"wp","href":"https:\/\/api.w.org\/{rel}","templated":true}]}}