{"id":8421,"date":"2020-11-24T12:18:10","date_gmt":"2020-11-24T18:18:10","guid":{"rendered":"https:\/\/encuentroinformativo.com.mx\/?p=8421"},"modified":"2020-11-24T12:18:13","modified_gmt":"2020-11-24T18:18:13","slug":"asume-cargo-alcaldesa-suplente-en-jamapa","status":"publish","type":"post","link":"https:\/\/encuentroinformativo.com.mx\/?p=8421","title":{"rendered":"Asume cargo alcaldesa suplente en Jamapa"},"content":{"rendered":"\n<p><strong>Alejandro \u00c1vila<\/strong><\/p>\n\n\n\n<p>Jamapa, Ver.- &#8220;\u00bfTemor?, pues f\u00edjate que temor, no, respeto por lo que ha pasado, s\u00ed. Pero temor, no, porque pienso que si no haces algo indebido, no tienes porqu\u00e9 temer&#8221;, fueron las primeras palabras de Martha Montero Villalvazo, despu\u00e9s de tomar protesta como alcaldesa suplente de Jamapa.<\/p>\n\n\n\n<p>En entrevista, dijo que en estos 13 meses que le tocar\u00e1 estar en el cargo, habr\u00e1 puertas abiertas, no se ocultar\u00e1 nada y se har\u00e1n las cosas de forma transparente; al tiempo que aclar\u00f3 que si decidio aceptar la encomienda de ser la presidenta municipal, fue porque los jamape\u00f1os se lo pidieron.<\/p>\n\n\n\n<p>Montero Villalvazo, coment\u00f3 que cuando hubo problemas en Palacio Municipal, por los presuntos desv\u00edos de recursos y despidos injustificados, ella se mantuvo totalmente al margen de la situaci\u00f3n, pues asegur\u00f3 no le correspond\u00eda hablar o inmiscuirse en el tema.<\/p>\n\n\n\n<p>&#8220;Yo fui neutral en los dos movimientos, ese era mi papel, porque todos me respetan, los de protesta y los del Ayuntamiento, todos me respetaron en su momento, y yo no tuve nada, ni nada que intervenir, ni apoyo de nada (\u2026) eso era que yo no pod\u00eda intervenir porque yo era una suplente, yo no ten\u00eda autoridad legal, pero apoyo moral, pues s\u00ed, como a todos&#8221;, declar\u00f3.<\/p>\n\n\n\n<p>Al respecto de la seguridad personal a los ediles, dijo que a\u00fan no han solicitado nada de manera formal al Gobierno del Estado.<\/p>\n\n\n\n<p>En cuanto a posibles cambios en Ayuntaniento de Jamapa, mencion\u00f3 que esperar\u00e1 el informe de cada uno de los colaboradores del municipio, y con base en ello analizar\u00e1 si deben continuar o no.<\/p>\n\n\n\n<p>Finalmente, expuso que la prioridad es que, con el apoyo de la Secretar\u00eda de Seguridad P\u00fablica, pueda finalmente calma y paz en Jamapa, ya que afirm\u00f3 es lo que merecen.<\/p>\n","protected":false},"excerpt":{"rendered":"<p>Alejandro \u00c1vila Jamapa, Ver.- &#8220;\u00bfTemor?, pues f\u00edjate que temor, no, respeto por lo que ha pasado, s\u00ed. Pero temor, no, porque pienso que si no haces algo indebido, no tienes porqu\u00e9 temer&#8221;, fueron las primeras palabras de Martha Montero Villalvazo, despu\u00e9s de tomar protesta como alcaldesa suplente de Jamapa. En entrevista, dijo que en estos [&hellip;]<\/p>\n","protected":false},"author":1,"featured_media":8422,"comment_status":"open","ping_status":"open","sticky":false,"template":"","format":"standard","meta":{"_jetpack_memberships_contains_paid_content":false,"footnotes":""},"categories":[2],"tags":[],"class_list":["post-8421","post","type-post","status-publish","format-standard","has-post-thumbnail","hentry","category-estado"],"jetpack_featured_media_url":"https:\/\/encuentroinformativo.com.mx\/wp-content\/uploads\/2020\/11\/28E54C21-E4F7-4A4E-A41C-F8DF3B591C1B.jpeg","jetpack_sharing_enabled":true,"jetpack_likes_enabled":true,"amp_enabled":true,"_links":{"self":[{"href":"https:\/\/encuentroinformativo.com.mx\/index.php?rest_route=\/wp\/v2\/posts\/8421","targetHints":{"allow":["GET"]}}],"collection":[{"href":"https:\/\/encuentroinformativo.com.mx\/index.php?rest_route=\/wp\/v2\/posts"}],"about":[{"href":"https:\/\/encuentroinformativo.com.mx\/index.php?rest_route=\/wp\/v2\/types\/post"}],"author":[{"embeddable":true,"href":"https:\/\/encuentroinformativo.com.mx\/index.php?rest_route=\/wp\/v2\/users\/1"}],"replies":[{"embeddable":true,"href":"https:\/\/encuentroinformativo.com.mx\/index.php?rest_route=%2Fwp%2Fv2%2Fcomments&post=8421"}],"version-history":[{"count":1,"href":"https:\/\/encuentroinformativo.com.mx\/index.php?rest_route=\/wp\/v2\/posts\/8421\/revisions"}],"predecessor-version":[{"id":8423,"href":"https:\/\/encuentroinformativo.com.mx\/index.php?rest_route=\/wp\/v2\/posts\/8421\/revisions\/8423"}],"wp:featuredmedia":[{"embeddable":true,"href":"https:\/\/encuentroinformativo.com.mx\/index.php?rest_route=\/wp\/v2\/media\/8422"}],"wp:attachment":[{"href":"https:\/\/encuentroinformativo.com.mx\/index.php?rest_route=%2Fwp%2Fv2%2Fmedia&parent=8421"}],"wp:term":[{"taxonomy":"category","embeddable":true,"href":"https:\/\/encuentroinformativo.com.mx\/index.php?rest_route=%2Fwp%2Fv2%2Fcategories&post=8421"},{"taxonomy":"post_tag","embeddable":true,"href":"https:\/\/encuentroinformativo.com.mx\/index.php?rest_route=%2Fwp%2Fv2%2Ftags&post=8421"}],"curies":[{"name":"wp","href":"https:\/\/api.w.org\/{rel}","templated":true}]}}