{"id":8433,"date":"2020-11-24T14:17:01","date_gmt":"2020-11-24T20:17:01","guid":{"rendered":"https:\/\/encuentroinformativo.com.mx\/?p=8433"},"modified":"2020-11-24T14:17:04","modified_gmt":"2020-11-24T20:17:04","slug":"para-evitar-aglomeraciones-cerraran-basilica-menor-en-xalapa","status":"publish","type":"post","link":"https:\/\/encuentroinformativo.com.mx\/?p=8433","title":{"rendered":"Para evitar aglomeraciones, cerrar\u00e1n bas\u00edlica menor en Xalapa"},"content":{"rendered":"\n<p><strong>Juan Arcos <\/strong><br><strong>Foto: <\/strong>Guadalupe Contreras <\/p>\n\n\n\n<p>Xalapa, Ver.- La Bas\u00edlica Menor de Xalapa permanecer\u00e1 cerrada del 11 al 13 de diciembre, para evitar aglomeraciones durante los festejos a la Virgen de Guadalupe.<\/p>\n\n\n\n<p>As\u00ed lo inform\u00f3 el vocero de la Arquidi\u00f3cesis de Xalapa, Jos\u00e9 Manuel Suazo Reyes, quien adem\u00e1s recomend\u00f3 a los feligreses que no se lleven a cabo las peregrinaciones o se realicen en sus parroquias, para evitar contagios y la propagaci\u00f3n del SARS-COV-2 (COVID-2).<\/p>\n\n\n\n<p>Sin embargo, indic\u00f3 que en caso de que lleguen peregrinos a la Bas\u00edlica Menor de Xalapa solo ser\u00e1n recibidos en la escalinata, donde se respetar\u00e1 la sana distancia, se tomar\u00e1 la temperatura y se aplicar\u00e1 gel antibacterial.<\/p>\n\n\n\n<p>Record\u00f3 que el a\u00f1o pasado se recibieron m\u00e1s de 2 mil peregrinaciones; sin embargo, se espera que, en esta ocasi\u00f3n, por la crisis sanitaria, haya una menor afluencia.<\/p>\n\n\n\n<p>El Presb\u00edtero indic\u00f3 que la Bas\u00edlica Menor de Nuestra Se\u00f1ora de Guadalupe, ubicada en el barrio de El Dique, permanecer\u00e1 abierta al p\u00fablico durante los primeros d\u00edas de diciembre, toda vez que la llegada de peregrinos no es considerable.<\/p>\n\n\n\n<p>\u201cHasta el 11 de diciembre, m\u00e1s o menos, se podr\u00e1 visitar la Bas\u00edlica de nuestra se\u00f1ora de Guadalupe, porque no son grandes aglomeraciones y se puede controlar el acceso y la participaci\u00f3n, pero los d\u00edas 11, 12 y 13 de diciembre no se permitir\u00e1 el acceso\u201d.<\/p>\n\n\n\n<p>El Sacerdote indic\u00f3 que las actividades religiosas del 11 y 12 de diciembre ser\u00e1n a puerta cerrada y ser\u00e1n trasmitidas a trav\u00e9s de las plataformas digitales.<\/p>\n\n\n\n<p>Suazo Reyes coment\u00f3 que se ha recomendado a las 91 parroquias que integran la Arquidi\u00f3cesis de Xalapa que apliquen las medidas sanitarias para evitar contagios.<\/p>\n\n\n\n<p>Mencion\u00f3 que habr\u00e1 comisiones de orden, integradas por voluntarios de la parroquia y autoridades municipales y estatales para resguardar la seguridad de los peregrinos.<\/p>\n\n\n\n<p>\u201cYa se est\u00e1n organizando para poner esos filtros, para que no haya este acceso tumultuoso\u201d, remat\u00f3.<\/p>\n","protected":false},"excerpt":{"rendered":"<p>Juan Arcos Foto: Guadalupe Contreras Xalapa, Ver.- La Bas\u00edlica Menor de Xalapa permanecer\u00e1 cerrada del 11 al 13 de diciembre, para evitar aglomeraciones durante los festejos a la Virgen de Guadalupe. As\u00ed lo inform\u00f3 el vocero de la Arquidi\u00f3cesis de Xalapa, Jos\u00e9 Manuel Suazo Reyes, quien adem\u00e1s recomend\u00f3 a los feligreses que no se lleven [&hellip;]<\/p>\n","protected":false},"author":1,"featured_media":8434,"comment_status":"open","ping_status":"open","sticky":false,"template":"","format":"standard","meta":{"_jetpack_memberships_contains_paid_content":false,"footnotes":""},"categories":[3],"tags":[],"class_list":["post-8433","post","type-post","status-publish","format-standard","has-post-thumbnail","hentry","category-xalapa"],"jetpack_featured_media_url":"https:\/\/encuentroinformativo.com.mx\/wp-content\/uploads\/2020\/11\/5CF9674E-5CE2-4179-B1A2-83818DE8580F.jpeg","jetpack_sharing_enabled":true,"jetpack_likes_enabled":true,"amp_enabled":true,"_links":{"self":[{"href":"https:\/\/encuentroinformativo.com.mx\/index.php?rest_route=\/wp\/v2\/posts\/8433","targetHints":{"allow":["GET"]}}],"collection":[{"href":"https:\/\/encuentroinformativo.com.mx\/index.php?rest_route=\/wp\/v2\/posts"}],"about":[{"href":"https:\/\/encuentroinformativo.com.mx\/index.php?rest_route=\/wp\/v2\/types\/post"}],"author":[{"embeddable":true,"href":"https:\/\/encuentroinformativo.com.mx\/index.php?rest_route=\/wp\/v2\/users\/1"}],"replies":[{"embeddable":true,"href":"https:\/\/encuentroinformativo.com.mx\/index.php?rest_route=%2Fwp%2Fv2%2Fcomments&post=8433"}],"version-history":[{"count":1,"href":"https:\/\/encuentroinformativo.com.mx\/index.php?rest_route=\/wp\/v2\/posts\/8433\/revisions"}],"predecessor-version":[{"id":8435,"href":"https:\/\/encuentroinformativo.com.mx\/index.php?rest_route=\/wp\/v2\/posts\/8433\/revisions\/8435"}],"wp:featuredmedia":[{"embeddable":true,"href":"https:\/\/encuentroinformativo.com.mx\/index.php?rest_route=\/wp\/v2\/media\/8434"}],"wp:attachment":[{"href":"https:\/\/encuentroinformativo.com.mx\/index.php?rest_route=%2Fwp%2Fv2%2Fmedia&parent=8433"}],"wp:term":[{"taxonomy":"category","embeddable":true,"href":"https:\/\/encuentroinformativo.com.mx\/index.php?rest_route=%2Fwp%2Fv2%2Fcategories&post=8433"},{"taxonomy":"post_tag","embeddable":true,"href":"https:\/\/encuentroinformativo.com.mx\/index.php?rest_route=%2Fwp%2Fv2%2Ftags&post=8433"}],"curies":[{"name":"wp","href":"https:\/\/api.w.org\/{rel}","templated":true}]}}