{"id":8436,"date":"2020-11-24T11:18:18","date_gmt":"2020-11-24T17:18:18","guid":{"rendered":"https:\/\/encuentroinformativo.com.mx\/?p=8436"},"modified":"2020-11-24T16:23:20","modified_gmt":"2020-11-24T22:23:20","slug":"por-pandemia-retrasan-consultas-con-especialistas-en-el-imss","status":"publish","type":"post","link":"https:\/\/encuentroinformativo.com.mx\/?p=8436","title":{"rendered":"Por pandemia, retrasan consultas con especialistas en el IMSS"},"content":{"rendered":"\n<p><strong>Dar\u00edo Pale <\/strong><\/p>\n\n\n\n<p>Xalapa, Ver.- Martha Medina G\u00f3mez enfermera y Secretaria General del Sindicato Democr\u00e1tico y Aut\u00e9ntico de Trabajadores del Seguro Social (SDATSS), dio a conocer que actualmente debido a que a los especialistas que nada tienen que ver con el COVID-19 los est\u00e1n ocupando en esa \u00e1rea existe un retraso en las consultas de especialistas de un 90 a un 95 por ciento en el IMSS.<\/p>\n\n\n\n<p>En conferencia de prensa realizada en conocido caf\u00e9 del centro de Xalapa, se\u00f1al\u00f3 que es un sindicato de nueva creaci\u00f3n el cual recibi\u00f3 su toma de nota federal el 17 de septiembre de este a\u00f1o, el cual agrupa hasta el momento m\u00e1s de 250 personas y contin\u00faan afili\u00e1ndose a ese nuevo sindicato el cual se cre\u00f3 con la finalidad de defender los derechos contractuales e individuales de los trabajadores del IMSS.<\/p>\n\n\n\n<p>Se\u00f1al\u00f3 que terriblemente se han violentado los derechos de los trabajadores desde hace m\u00e1s de 20 a\u00f1os tanto laborales, individuales, colectivos y constitucionales al igual que los derechos humanos lo cual ha generado sus pensiones de derechos sindicales desde uno hasta de forma definitiva lo cual ha repercutido en que aproximadamente de los 330 trabajadores de todos, pa\u00eds por lo menos 50 mil se encuentran sin derechos sindicales incluso rescindi\u00f3 los contratos colectivos o despedidos de forma injustificada debido a la colusi\u00f3n entre los representantes sindicales y la instituci\u00f3n.<\/p>\n\n\n\n<p>En cuesti\u00f3n de la pandemia se\u00f1al\u00f3 que lamentablemente no hubo un protocolo ni lineamiento de los representantes de la instituci\u00f3n desde el inicio lo cual expuso a todos los profesionales de la salud por lo que se quedaron en total desamparo antro por la larte institucional como por la representaci\u00f3n del sindicato tradicional.<\/p>\n\n\n\n<p>&#8220;La pandemia se declar\u00f3 a a finales de febrero, principios de marzo en ese momento no exist\u00eda esta nueva organizaci\u00f3n sindical para presionar o exigir a los representantes del instituto que se nos otorgar\u00e1 a los trabajadores en activo el equipo de protecci\u00f3n personal y de esta manera poder enfrentar esto y darle soluci\u00f3n al pueblo de M\u00e9xico a nuestros derechohabientes porque si viene cierto el se\u00f1or presidente y el doctor L\u00f3pez Gatell claro que han hecho lo que les corresponde informar y declarar la existencia de una pandemia&#8221;, se\u00f1al\u00f3.<\/p>\n\n\n\n<p>En otro orden de ideas, se\u00f1alaron que en esta situaci\u00f3n de pandemia est\u00e1n obligando a personal que nada tiene que hacer en las \u00e1reas de COVID-19 como lo son odont\u00f3logos, m\u00e9dicos especialistas, cardi\u00f3logos, traumatologos, que nada tienen que ver con la pandemia y eso repercute terriblemente en la atenci\u00f3n que se est\u00e1 dando en el IMSS ya que al mandar a otros especialistas a esas \u00e1reas se descuida la atenci\u00f3n de pacientes cr\u00f3nicos degenerativos.<\/p>\n\n\n\n<p>Finalmente dio a conocer que si ya hab\u00eda un atraso en la consulta con especialistas con esto se est\u00e1 afecta de forma terrible la atenci\u00f3n que se les debe de dar por lo que s\u00ed ya exist\u00eda un atraso del 50 o 60 por ciento actualmente hay un 90 o 95 por ciento de retraso en todas las especialidades.<\/p>\n","protected":false},"excerpt":{"rendered":"<p>Dar\u00edo Pale Xalapa, Ver.- Martha Medina G\u00f3mez enfermera y Secretaria General del Sindicato Democr\u00e1tico y Aut\u00e9ntico de Trabajadores del Seguro Social (SDATSS), dio a conocer que actualmente debido a que a los especialistas que nada tienen que ver con el COVID-19 los est\u00e1n ocupando en esa \u00e1rea existe un retraso en las consultas de especialistas [&hellip;]<\/p>\n","protected":false},"author":1,"featured_media":8437,"comment_status":"open","ping_status":"open","sticky":false,"template":"","format":"standard","meta":{"_jetpack_memberships_contains_paid_content":false,"footnotes":""},"categories":[9],"tags":[],"class_list":["post-8436","post","type-post","status-publish","format-standard","has-post-thumbnail","hentry","category-salud"],"jetpack_featured_media_url":"https:\/\/encuentroinformativo.com.mx\/wp-content\/uploads\/2020\/11\/4D0FC385-1A31-4F87-8152-323279148402.jpeg","jetpack_sharing_enabled":true,"jetpack_likes_enabled":true,"amp_enabled":true,"_links":{"self":[{"href":"https:\/\/encuentroinformativo.com.mx\/index.php?rest_route=\/wp\/v2\/posts\/8436","targetHints":{"allow":["GET"]}}],"collection":[{"href":"https:\/\/encuentroinformativo.com.mx\/index.php?rest_route=\/wp\/v2\/posts"}],"about":[{"href":"https:\/\/encuentroinformativo.com.mx\/index.php?rest_route=\/wp\/v2\/types\/post"}],"author":[{"embeddable":true,"href":"https:\/\/encuentroinformativo.com.mx\/index.php?rest_route=\/wp\/v2\/users\/1"}],"replies":[{"embeddable":true,"href":"https:\/\/encuentroinformativo.com.mx\/index.php?rest_route=%2Fwp%2Fv2%2Fcomments&post=8436"}],"version-history":[{"count":1,"href":"https:\/\/encuentroinformativo.com.mx\/index.php?rest_route=\/wp\/v2\/posts\/8436\/revisions"}],"predecessor-version":[{"id":8438,"href":"https:\/\/encuentroinformativo.com.mx\/index.php?rest_route=\/wp\/v2\/posts\/8436\/revisions\/8438"}],"wp:featuredmedia":[{"embeddable":true,"href":"https:\/\/encuentroinformativo.com.mx\/index.php?rest_route=\/wp\/v2\/media\/8437"}],"wp:attachment":[{"href":"https:\/\/encuentroinformativo.com.mx\/index.php?rest_route=%2Fwp%2Fv2%2Fmedia&parent=8436"}],"wp:term":[{"taxonomy":"category","embeddable":true,"href":"https:\/\/encuentroinformativo.com.mx\/index.php?rest_route=%2Fwp%2Fv2%2Fcategories&post=8436"},{"taxonomy":"post_tag","embeddable":true,"href":"https:\/\/encuentroinformativo.com.mx\/index.php?rest_route=%2Fwp%2Fv2%2Ftags&post=8436"}],"curies":[{"name":"wp","href":"https:\/\/api.w.org\/{rel}","templated":true}]}}