{"id":8439,"date":"2020-11-25T09:33:13","date_gmt":"2020-11-25T15:33:13","guid":{"rendered":"https:\/\/encuentroinformativo.com.mx\/?p=8439"},"modified":"2020-11-25T09:33:16","modified_gmt":"2020-11-25T15:33:16","slug":"el-vecino-incomodo-de-cuic","status":"publish","type":"post","link":"https:\/\/encuentroinformativo.com.mx\/?p=8439","title":{"rendered":"\u00bfEl vecino inc\u00f3modo de Cuic?"},"content":{"rendered":"\n<p><strong>Los Pol\u00edticos<\/strong><\/p>\n\n\n\n<p><strong>Salvador Mu\u00f1oz<\/strong><\/p>\n\n\n\n<p>El principio del fin est\u00e1 en Xalapa. Partido que tome el Palacio Municipal de la capital del Estado este 2021, podr\u00eda estar cruzando la calle de Enr\u00edquez para encaminar sus pasos al otro Palacio en el 2024\u2026 puse \u201cpodr\u00eda\u201d&#8230;<\/p>\n\n\n\n<p>Al menos eso lo tiene en claro el PAN, partido que jam\u00e1s hab\u00eda tenido tan clara la oportunidad de lograr esa haza\u00f1a en una ciudad que en este siglo, ha probado las mieles de la alternancia con Convergencia por la Democracia en dos ocasiones y por Morena, por primera vez en las manos de Hip\u00f3lito Rodr\u00edguez Herrero\u2026 el resto, con el PRI.<\/p>\n\n\n\n<p>La historia del poder en manos de \u201cla oposici\u00f3n\u201d es de todos conocida\u2026 el alcalde Rafael Hern\u00e1ndez Villalpando tuvo una confrontaci\u00f3n con el entonces gobernador Miguel Alem\u00e1n Velasco, si no mal recuerdo, por la municipalizaci\u00f3n de Tr\u00e1nsito, lo que llev\u00f3 a un pleito entre vecinos siendo dos puntos los que destacaron en ello: cuando Villalpando fue a arrojar basura al Palacio de Gobierno y el desafuero por Bigamia del edil.<\/p>\n\n\n\n<p>Reynaldo Escobar, quien igual llega de la mano de Convergencia por la Democracia, sucumbe al encanto de Fidel, a tal grado que acaba siendo secretario de Gobierno de Herrera Beltr\u00e1n.<\/p>\n\n\n\n<p>Ninguno de los dos alcaldes de Oposici\u00f3n culmin\u00f3 su mandato\u2026 uno, por darse a la fuga; el otro, por cambio de camiseta.<\/p>\n\n\n\n<p>En el primer caso, se puede hablar que el trabajo municipal de Villalpando no tuvo m\u00e1cula; tampoco el de Reynaldo si no se contempla la deuda que dej\u00f3 a los gobiernos municipales siguientes, pero se sopesa con el trabajo de obras de calles con intercircuitos y la limpieza de la zona del Arbol, entre otras\u2026 pero puso en bandeja de plata al municipio, para d\u00e1rselo al PRI\u2026 hasta que lleg\u00f3 Morena.<\/p>\n\n\n\n<p>Se pudiera entonces decir que el xalape\u00f1o ha tenido gusto por el PRI en este siglo y por algo que se pudiera llamar \u201cizquierda\u201d&#8230; pero hoy, las circunstancias parecieran ser totalmente diferentes, siendo el PAN el m\u00e1s favorecido por ellas.<\/p>\n\n\n\n<p>El PAN hasta este momento, tiene un solo precandidato en la figura de Sergio Hern\u00e1ndez Hern\u00e1ndez. No se ve otro que levante la mano. Agregue a que si se respetan los acuerdos, donde se asegura que cada Comit\u00e9 Municipal ha de elegir su candidato, la l\u00f3gica, los n\u00fameros, los integrantes y hasta el presidente de dicho comit\u00e9, le dar\u00edan con una mano en la cintura la candidatura a Sergio Hern\u00e1ndez.<\/p>\n\n\n\n<p>Hay una foto, la de Chiquiyunes con Sergio, donde en pocas palabras, se da un diagn\u00f3stico de lo que sucede en Xalapa: un gobierno municipal indolente, improvisado e incapaz. Adem\u00e1s, Hern\u00e1ndez Hern\u00e1ndez hace una revelaci\u00f3n: el apoyo que tendr\u00e1 de Yunes M\u00e1rquez por \u201csu liderazgo y gran experiencia en la administraci\u00f3n p\u00fablica (como qued\u00f3 demostrado en Boca del R\u00edo)\u201d para empezar a recuperar la grandeza de Xalapa.<\/p>\n\n\n\n<p>Entre los panistas tienen en claro que sea quien sea el candidato por el Puerto, dif\u00edcilmente lo pierden; quiz\u00e1s ese aire de confianza se esparza en C\u00f3rdoba y por supuesto que en Boca del R\u00edo\u2026 \u00bfpor qu\u00e9? por el trabajo de los ediles (aunque dicho sea de paso, a Morelli le cueste comunicar su trabajo), pero lo realmente a destacar, es el factor an\u00edmico que implicar\u00eda que se ganara la capital veracruzana&#8230; en Morena es seguro que ser\u00eda desgastante, porque tener a un alcalde de oposici\u00f3n de&nbsp; vecino, no ser\u00eda nada c\u00f3modo; si no, que le pregunten a Miguel Alem\u00e1n. En el caso del PAN, ser\u00eda ox\u00edgeno puro&#8230; Ganar la capital, es tener el coraz\u00f3n pol\u00edtico de Veracruz\u2026 cr\u00e9anme, un panista de vecino del Palacio de Gobierno, ser\u00eda el infierno para Cuitl\u00e1huac. Las circunstancias pol\u00edticas favorecen al PAN\u2026 pero la decisi\u00f3n la tienen los xalape\u00f1os.<\/p>\n\n\n\n<p><a href=\"mailto:smcainito@gmail.com\" target=\"_blank\" rel=\"noreferrer noopener\">smcainito@gmail.com<\/a><\/p>\n","protected":false},"excerpt":{"rendered":"<p>Los Pol\u00edticos Salvador Mu\u00f1oz El principio del fin est\u00e1 en Xalapa. Partido que tome el Palacio Municipal de la capital del Estado este 2021, podr\u00eda estar cruzando la calle de Enr\u00edquez para encaminar sus pasos al otro Palacio en el 2024\u2026 puse \u201cpodr\u00eda\u201d&#8230; Al menos eso lo tiene en claro el PAN, partido que jam\u00e1s [&hellip;]<\/p>\n","protected":false},"author":1,"featured_media":387,"comment_status":"open","ping_status":"open","sticky":false,"template":"","format":"standard","meta":{"_jetpack_memberships_contains_paid_content":false,"footnotes":""},"categories":[11],"tags":[],"class_list":["post-8439","post","type-post","status-publish","format-standard","has-post-thumbnail","hentry","category-opinion"],"jetpack_featured_media_url":"https:\/\/encuentroinformativo.com.mx\/wp-content\/uploads\/2020\/03\/7CF8A22B-2764-47BE-8F7F-38FE9E5D6A2F.jpeg","jetpack_sharing_enabled":true,"jetpack_likes_enabled":true,"amp_enabled":true,"_links":{"self":[{"href":"https:\/\/encuentroinformativo.com.mx\/index.php?rest_route=\/wp\/v2\/posts\/8439","targetHints":{"allow":["GET"]}}],"collection":[{"href":"https:\/\/encuentroinformativo.com.mx\/index.php?rest_route=\/wp\/v2\/posts"}],"about":[{"href":"https:\/\/encuentroinformativo.com.mx\/index.php?rest_route=\/wp\/v2\/types\/post"}],"author":[{"embeddable":true,"href":"https:\/\/encuentroinformativo.com.mx\/index.php?rest_route=\/wp\/v2\/users\/1"}],"replies":[{"embeddable":true,"href":"https:\/\/encuentroinformativo.com.mx\/index.php?rest_route=%2Fwp%2Fv2%2Fcomments&post=8439"}],"version-history":[{"count":1,"href":"https:\/\/encuentroinformativo.com.mx\/index.php?rest_route=\/wp\/v2\/posts\/8439\/revisions"}],"predecessor-version":[{"id":8440,"href":"https:\/\/encuentroinformativo.com.mx\/index.php?rest_route=\/wp\/v2\/posts\/8439\/revisions\/8440"}],"wp:featuredmedia":[{"embeddable":true,"href":"https:\/\/encuentroinformativo.com.mx\/index.php?rest_route=\/wp\/v2\/media\/387"}],"wp:attachment":[{"href":"https:\/\/encuentroinformativo.com.mx\/index.php?rest_route=%2Fwp%2Fv2%2Fmedia&parent=8439"}],"wp:term":[{"taxonomy":"category","embeddable":true,"href":"https:\/\/encuentroinformativo.com.mx\/index.php?rest_route=%2Fwp%2Fv2%2Fcategories&post=8439"},{"taxonomy":"post_tag","embeddable":true,"href":"https:\/\/encuentroinformativo.com.mx\/index.php?rest_route=%2Fwp%2Fv2%2Ftags&post=8439"}],"curies":[{"name":"wp","href":"https:\/\/api.w.org\/{rel}","templated":true}]}}