{"id":8444,"date":"2020-11-25T13:54:01","date_gmt":"2020-11-25T19:54:01","guid":{"rendered":"https:\/\/encuentroinformativo.com.mx\/?p=8444"},"modified":"2020-11-25T13:54:04","modified_gmt":"2020-11-25T19:54:04","slug":"protestan-por-dia-naranja","status":"publish","type":"post","link":"https:\/\/encuentroinformativo.com.mx\/?p=8444","title":{"rendered":"Protestan por D\u00eda Naranja"},"content":{"rendered":"\n<p>Xalapa, Ver.- En el marco del D\u00eda Internacional de la eliminaci\u00f3n de la violencia contra las mujeres, se realizan protestas al momento pac\u00edficas en calles del centro de la ciudad.<\/p>\n\n\n\n<p>Un grupo de f\u00e9minas se instal\u00f3 en los bajos de Palacio de Gobierno. <\/p>\n\n\n\n<p>Foto: Dar\u00edo Pale <\/p>\n","protected":false},"excerpt":{"rendered":"<p>Xalapa, Ver.- En el marco del D\u00eda Internacional de la eliminaci\u00f3n de la violencia contra las mujeres, se realizan protestas al momento pac\u00edficas en calles del centro de la ciudad. Un grupo de f\u00e9minas se instal\u00f3 en los bajos de Palacio de Gobierno. Foto: Dar\u00edo Pale<\/p>\n","protected":false},"author":1,"featured_media":8445,"comment_status":"open","ping_status":"open","sticky":false,"template":"","format":"standard","meta":{"_jetpack_memberships_contains_paid_content":false,"footnotes":""},"categories":[3],"tags":[],"class_list":["post-8444","post","type-post","status-publish","format-standard","has-post-thumbnail","hentry","category-xalapa"],"jetpack_featured_media_url":"https:\/\/encuentroinformativo.com.mx\/wp-content\/uploads\/2020\/11\/4877350B-AA1B-45B1-9E5A-DADE6E487B6C.jpeg","jetpack_sharing_enabled":true,"jetpack_likes_enabled":true,"amp_enabled":true,"_links":{"self":[{"href":"https:\/\/encuentroinformativo.com.mx\/index.php?rest_route=\/wp\/v2\/posts\/8444","targetHints":{"allow":["GET"]}}],"collection":[{"href":"https:\/\/encuentroinformativo.com.mx\/index.php?rest_route=\/wp\/v2\/posts"}],"about":[{"href":"https:\/\/encuentroinformativo.com.mx\/index.php?rest_route=\/wp\/v2\/types\/post"}],"author":[{"embeddable":true,"href":"https:\/\/encuentroinformativo.com.mx\/index.php?rest_route=\/wp\/v2\/users\/1"}],"replies":[{"embeddable":true,"href":"https:\/\/encuentroinformativo.com.mx\/index.php?rest_route=%2Fwp%2Fv2%2Fcomments&post=8444"}],"version-history":[{"count":1,"href":"https:\/\/encuentroinformativo.com.mx\/index.php?rest_route=\/wp\/v2\/posts\/8444\/revisions"}],"predecessor-version":[{"id":8446,"href":"https:\/\/encuentroinformativo.com.mx\/index.php?rest_route=\/wp\/v2\/posts\/8444\/revisions\/8446"}],"wp:featuredmedia":[{"embeddable":true,"href":"https:\/\/encuentroinformativo.com.mx\/index.php?rest_route=\/wp\/v2\/media\/8445"}],"wp:attachment":[{"href":"https:\/\/encuentroinformativo.com.mx\/index.php?rest_route=%2Fwp%2Fv2%2Fmedia&parent=8444"}],"wp:term":[{"taxonomy":"category","embeddable":true,"href":"https:\/\/encuentroinformativo.com.mx\/index.php?rest_route=%2Fwp%2Fv2%2Fcategories&post=8444"},{"taxonomy":"post_tag","embeddable":true,"href":"https:\/\/encuentroinformativo.com.mx\/index.php?rest_route=%2Fwp%2Fv2%2Ftags&post=8444"}],"curies":[{"name":"wp","href":"https:\/\/api.w.org\/{rel}","templated":true}]}}