{"id":8463,"date":"2020-11-25T13:51:00","date_gmt":"2020-11-25T19:51:00","guid":{"rendered":"https:\/\/encuentroinformativo.com.mx\/?p=8463"},"modified":"2020-11-25T18:54:10","modified_gmt":"2020-11-26T00:54:10","slug":"vecinos-de-ruiz-cortines-van-por-amparo-contra-ciclovia","status":"publish","type":"post","link":"https:\/\/encuentroinformativo.com.mx\/?p=8463","title":{"rendered":"Vecinos de Ruiz Cortines van por amparo contra ciclov\u00eda"},"content":{"rendered":"\n<p><strong>Dar\u00edo Pale <\/strong><\/p>\n\n\n\n<p>Xalapa, Ver.- Habitantes de la calle Adolfo Ru\u00edz Cortinez ya cuentan con\u00a0todas las pruebas para presentar un amparo indirecto ante un juzgado de distrito en contra de la construcci\u00f3n de la ciclov\u00eda, as\u00ed lo inform\u00f3 el\u00a0presidente de la Barra Veracruzana de Abogados, Colegio de Abogados Profesionistas, AC., Armando Rivero Fortuna.<\/p>\n\n\n\n<p>En conferencia de prensa realizada en conocido caf\u00e9 del centro de Xalapa, dio a conocer que\u00a0si bien el pasado lunes el Cabildo de Xalapa hizo una reuni\u00f3n abierta en la que estuvieron presentes \u00fanicamente ciclistas para hablar sobre las bondades de la ciclov\u00eda no se dio la informaci\u00f3n correcta ya que esta fue incompleta.<\/p>\n\n\n\n<p>Se\u00f1al\u00f3 que ellos est\u00e1n solicitando la reparaci\u00f3n integral de los 11 kil\u00f3metros que conformar\u00e1 la ciclovia en la que se incluyeran no solo la carpeta asf\u00e1ltica sino tambi\u00e9n rehabilitaci\u00f3n de banquetas y guarniciones.<\/p>\n\n\n\n<p>Dio a conocer que para la ciudad de Xalapa no se pueden hacer obras \u201ca caprichos\u201d sino bien planeadas y bien estructuradas que no sean de beneficio para un solo sector sino para toda la ciudadan\u00eda.<\/p>\n\n\n\n<p>Por \u00faltimo el presidente de la Barra Veracruzana de Abogados subray\u00f3 que la construcci\u00f3n de la ciclov\u00eda no es una necesidad para la capital del estado sino que hay otras m\u00e1s importantes como es la construcci\u00f3n de tanques elevados para el abastecimiento del agua para toda la ciudadan\u00eda, pavimentaci\u00f3n de calles.<\/p>\n","protected":false},"excerpt":{"rendered":"<p>Dar\u00edo Pale Xalapa, Ver.- Habitantes de la calle Adolfo Ru\u00edz Cortinez ya cuentan con\u00a0todas las pruebas para presentar un amparo indirecto ante un juzgado de distrito en contra de la construcci\u00f3n de la ciclov\u00eda, as\u00ed lo inform\u00f3 el\u00a0presidente de la Barra Veracruzana de Abogados, Colegio de Abogados Profesionistas, AC., Armando Rivero Fortuna. En conferencia de [&hellip;]<\/p>\n","protected":false},"author":1,"featured_media":8464,"comment_status":"open","ping_status":"open","sticky":false,"template":"","format":"standard","meta":{"_jetpack_memberships_contains_paid_content":false,"footnotes":""},"categories":[3],"tags":[],"class_list":["post-8463","post","type-post","status-publish","format-standard","has-post-thumbnail","hentry","category-xalapa"],"jetpack_featured_media_url":"https:\/\/encuentroinformativo.com.mx\/wp-content\/uploads\/2020\/11\/F7C97F1B-A87C-4AAD-BD31-9542D3012DCE.jpeg","jetpack_sharing_enabled":true,"jetpack_likes_enabled":true,"amp_enabled":true,"_links":{"self":[{"href":"https:\/\/encuentroinformativo.com.mx\/index.php?rest_route=\/wp\/v2\/posts\/8463","targetHints":{"allow":["GET"]}}],"collection":[{"href":"https:\/\/encuentroinformativo.com.mx\/index.php?rest_route=\/wp\/v2\/posts"}],"about":[{"href":"https:\/\/encuentroinformativo.com.mx\/index.php?rest_route=\/wp\/v2\/types\/post"}],"author":[{"embeddable":true,"href":"https:\/\/encuentroinformativo.com.mx\/index.php?rest_route=\/wp\/v2\/users\/1"}],"replies":[{"embeddable":true,"href":"https:\/\/encuentroinformativo.com.mx\/index.php?rest_route=%2Fwp%2Fv2%2Fcomments&post=8463"}],"version-history":[{"count":1,"href":"https:\/\/encuentroinformativo.com.mx\/index.php?rest_route=\/wp\/v2\/posts\/8463\/revisions"}],"predecessor-version":[{"id":8465,"href":"https:\/\/encuentroinformativo.com.mx\/index.php?rest_route=\/wp\/v2\/posts\/8463\/revisions\/8465"}],"wp:featuredmedia":[{"embeddable":true,"href":"https:\/\/encuentroinformativo.com.mx\/index.php?rest_route=\/wp\/v2\/media\/8464"}],"wp:attachment":[{"href":"https:\/\/encuentroinformativo.com.mx\/index.php?rest_route=%2Fwp%2Fv2%2Fmedia&parent=8463"}],"wp:term":[{"taxonomy":"category","embeddable":true,"href":"https:\/\/encuentroinformativo.com.mx\/index.php?rest_route=%2Fwp%2Fv2%2Fcategories&post=8463"},{"taxonomy":"post_tag","embeddable":true,"href":"https:\/\/encuentroinformativo.com.mx\/index.php?rest_route=%2Fwp%2Fv2%2Ftags&post=8463"}],"curies":[{"name":"wp","href":"https:\/\/api.w.org\/{rel}","templated":true}]}}