{"id":8466,"date":"2020-11-26T09:49:15","date_gmt":"2020-11-26T15:49:15","guid":{"rendered":"https:\/\/encuentroinformativo.com.mx\/?p=8466"},"modified":"2020-11-26T09:49:17","modified_gmt":"2020-11-26T15:49:17","slug":"vandalismo-de-mujeres","status":"publish","type":"post","link":"https:\/\/encuentroinformativo.com.mx\/?p=8466","title":{"rendered":"Vandalismo de mujeres"},"content":{"rendered":"\n<p><strong>Los Pol\u00edticos<\/strong><\/p>\n\n\n\n<p><strong>Salvador Mu\u00f1oz<\/strong><\/p>\n\n\n\n<p>Quien haya visto las pintas que hicieron ayer en la marcha contra la violencia hacia las mujeres por el centro de Xalapa, es posible que haya despertado en \u00e9l la indignaci\u00f3n por las condiciones en que qued\u00f3 el centro, las paredes del Palacio, la entrada al viaducto, las de Radio UV\u2026 comprensible\u2026 es seguro que a m\u00e1s de uno encabrone el comportamiento vand\u00e1lico de estas personas que hacen emplear recursos materiales y humanos en asuntos que debieran usarse y encaminarse a otros menesteres menos estar vigilando una marcha o repintando\u2026 pero veamos el otro lado\u2026 \u00bfpor qu\u00e9 se da este movimiento de mujeres?<\/p>\n\n\n\n<p>Porque las mujeres siguen siendo asesinadas, acosadas, agredidas, porque no se respetan sus derechos y un largo etc\u00e9tera.<\/p>\n\n\n\n<p>Quiz\u00e1s hayamos o\u00eddo que una mujer (joven, ni\u00f1a o adulta) desapareci\u00f3\u2026 me genera cierto escozor este verbo que sabr\u00e1 Dios qui\u00e9n fue el que lo elev\u00f3 a nuestras alertas\u2026 quiz\u00e1s porque en la mente de uno, el \u201cDesaparecer\u201d tiene cierto grado de misterio, vi\u00e9ndolo fant\u00e1sticamente, pero dr\u00e1sticamente, le quita grado de existencia, como los dinosaurios, como civilizaciones\u2026 como nuestras mujeres asesinadas.<\/p>\n\n\n\n<p>No quisiera estar en los zapatos de ninguna familia que sufra el trance de tener a una de sus mujeres \u201cdesaparecida\u201d como tampoco imagino cada minuto de angustia, zozobra e incertidumbre que en la casa se ha de vivir\u2026 no, no \u201cvivir\u201d&#8230; es sufrir.<\/p>\n\n\n\n<p>Insisto: se trata de ponerse en los zapatos del otro\u2026 y aqu\u00ed, sinceramente espero, no quisiera que ninguna de esas mujeres que marchan por las calles de M\u00e9xico, Veracruz, Xalapa, tengan la desgracia de que una de sus mujeres haya \u201cdesaparecido\u201d y que su manifestaci\u00f3n, \u00e9sa que estalla en pintas, destrozos, agresiones, acompa\u00f1adas de rencor, enojo, furia, sea el reflejo de lo que realmente sienten: miedo, frustraci\u00f3n, impotencia.<\/p>\n\n\n\n<p>Miedo, porque es inconcebible que habiendo tantas Leyes, como bien lo dijo la diputada Nora Lagunes J\u00e1uregui, se siga viviendo el horror de la violencia contra las mujeres. \u00bfC\u00f3mo es posible que se plasme en nuestras Leyes castigo al violador, al feminicida, al agresor, y sencillamente la violencia contra la mujer no cese? \u00bfQuiz\u00e1s requerimos m\u00e1s educaci\u00f3n que leyes? Con Educaci\u00f3n me refiero a llevar \u00e9sta a la casa, al padre, a la madre, a los abuelos, a la familia. S\u00ed, es casi imposible una Pol\u00edtica de Estado que entre al hogar de cada quien pero todav\u00eda lo es m\u00e1s, que uno quiera abrir las puertas de casa\u2026 \u00bfentonces? un principio podr\u00eda ser que en las oficinas p\u00fablicas, cada 25 de cada mes, las empleadas y los empleados tuvieran 45 minutos de conversaci\u00f3n con personas especialistas en el tema, para que aprendan a visibilizar la violencia hacia la mujer, que la entiendan, quiz\u00e1s se pueda empezar a hacer algo desde el trabajo hacia la casa. Lo mismo podr\u00eda ocurrir en las empresas, en los negocios\u2026 tambi\u00e9n en las escuelas en cualquier nivel\u2026<\/p>\n\n\n\n<p>Es una idea, quiz\u00e1s absurda pero con buenas intenciones\u2026<\/p>\n\n\n\n<p>Hay frustraci\u00f3n e impotencia porque no hay d\u00eda que las noticias se impregnen de \u201cdesaparecidas\u201d, o de \u201caparecidas\u201d muertas, violadas, torturadas, sin rango de edad o condici\u00f3n social\u2026<\/p>\n\n\n\n<p>S\u00ed, comentaba al inicio\u2026 es seguro que muchos se indignen por edificios, paredes, calles, negocios vandalizados; igual, no comparto la violencia hacia otras entidades, como son contra polic\u00edas o medios de comunicaci\u00f3n. Violencia no se resuelve con violencia\u2026 pero creo que como ciudadanos debemos tener en claro algo: se puede cambiar un vidrio roto, se puede volver a pintar una pared, se puede recuperar la ganancia perdida ese d\u00eda de la manifestaci\u00f3n, pero no podemos borrar una violaci\u00f3n, un golpe o regresar a la vida a una \u201cdesaparecida\u201d&#8230;<\/p>\n\n\n\n<p><a href=\"mailto:smcainito@gmail.com\" target=\"_blank\" rel=\"noreferrer noopener\">smcainito@gmail.com<\/a><\/p>\n","protected":false},"excerpt":{"rendered":"<p>Los Pol\u00edticos Salvador Mu\u00f1oz Quien haya visto las pintas que hicieron ayer en la marcha contra la violencia hacia las mujeres por el centro de Xalapa, es posible que haya despertado en \u00e9l la indignaci\u00f3n por las condiciones en que qued\u00f3 el centro, las paredes del Palacio, la entrada al viaducto, las de Radio UV\u2026 [&hellip;]<\/p>\n","protected":false},"author":1,"featured_media":387,"comment_status":"open","ping_status":"open","sticky":false,"template":"","format":"standard","meta":{"_jetpack_memberships_contains_paid_content":false,"footnotes":""},"categories":[11],"tags":[],"class_list":["post-8466","post","type-post","status-publish","format-standard","has-post-thumbnail","hentry","category-opinion"],"jetpack_featured_media_url":"https:\/\/encuentroinformativo.com.mx\/wp-content\/uploads\/2020\/03\/7CF8A22B-2764-47BE-8F7F-38FE9E5D6A2F.jpeg","jetpack_sharing_enabled":true,"jetpack_likes_enabled":true,"amp_enabled":true,"_links":{"self":[{"href":"https:\/\/encuentroinformativo.com.mx\/index.php?rest_route=\/wp\/v2\/posts\/8466","targetHints":{"allow":["GET"]}}],"collection":[{"href":"https:\/\/encuentroinformativo.com.mx\/index.php?rest_route=\/wp\/v2\/posts"}],"about":[{"href":"https:\/\/encuentroinformativo.com.mx\/index.php?rest_route=\/wp\/v2\/types\/post"}],"author":[{"embeddable":true,"href":"https:\/\/encuentroinformativo.com.mx\/index.php?rest_route=\/wp\/v2\/users\/1"}],"replies":[{"embeddable":true,"href":"https:\/\/encuentroinformativo.com.mx\/index.php?rest_route=%2Fwp%2Fv2%2Fcomments&post=8466"}],"version-history":[{"count":1,"href":"https:\/\/encuentroinformativo.com.mx\/index.php?rest_route=\/wp\/v2\/posts\/8466\/revisions"}],"predecessor-version":[{"id":8467,"href":"https:\/\/encuentroinformativo.com.mx\/index.php?rest_route=\/wp\/v2\/posts\/8466\/revisions\/8467"}],"wp:featuredmedia":[{"embeddable":true,"href":"https:\/\/encuentroinformativo.com.mx\/index.php?rest_route=\/wp\/v2\/media\/387"}],"wp:attachment":[{"href":"https:\/\/encuentroinformativo.com.mx\/index.php?rest_route=%2Fwp%2Fv2%2Fmedia&parent=8466"}],"wp:term":[{"taxonomy":"category","embeddable":true,"href":"https:\/\/encuentroinformativo.com.mx\/index.php?rest_route=%2Fwp%2Fv2%2Fcategories&post=8466"},{"taxonomy":"post_tag","embeddable":true,"href":"https:\/\/encuentroinformativo.com.mx\/index.php?rest_route=%2Fwp%2Fv2%2Ftags&post=8466"}],"curies":[{"name":"wp","href":"https:\/\/api.w.org\/{rel}","templated":true}]}}