{"id":8475,"date":"2020-11-26T14:28:53","date_gmt":"2020-11-26T20:28:53","guid":{"rendered":"https:\/\/encuentroinformativo.com.mx\/?p=8475"},"modified":"2020-11-26T14:28:55","modified_gmt":"2020-11-26T20:28:55","slug":"por-pandemia-registran-perdidas-en-servicio-urbano","status":"publish","type":"post","link":"https:\/\/encuentroinformativo.com.mx\/?p=8475","title":{"rendered":"Por pandemia, registran p\u00e9rdidas en servicio urbano"},"content":{"rendered":"\n<p><strong>Juan Arcos <\/strong><\/p>\n\n\n\n<p>Xalapa, Ver.- El Servicio Urbano de Xalapa (SUX) cerrar\u00e1 el a\u00f1o con p\u00e9rdidas econ\u00f3micas del 65 por ciento por la pandemia del SARS-COV-2 (COVID-19), en comparaci\u00f3n con a\u00f1os anteriores.<\/p>\n\n\n\n<p>De acuerdo con Guillermo Baizabal Jim\u00e9nez, presidente de a Sociedad Cooperativa Autotransportes del SUX, la misma situaci\u00f3n se registra en las distintas regiones de la entidad veracruzana.<\/p>\n\n\n\n<p>\u201cEste a\u00f1o ha sido el peor, no se ha podido componer esto. Ya en septiembre y octubre hubo un poco m\u00e1s de movimiento y nos dio un respiro\u201d, agreg\u00f3.<\/p>\n\n\n\n<p>El entrevistado indic\u00f3 que los ingresos econ\u00f3micos de la empresa s\u00f3lo alcanzan para cubrir los gastos de combustible y la n\u00f3mina de los trabajadores.<\/p>\n\n\n\n<p>La compa\u00f1\u00eda cuenta con 32 rutas en la capital del estado; sin embargo, tambi\u00e9n brinda servicio a Coatepec, Emiliano Zapata, Acajete, San Andr\u00e9s Tlalnelhuayocan y otros municipios de la regi\u00f3n.<\/p>\n\n\n\n<p>\u201cHicimos horarios alternativos, hablamos con la gente de las localidades para saber los horarios en que requer\u00edan el servicio y es como lo estamos cubriendo ahorita\u201d.<\/p>\n\n\n\n<p>Baizabal Jim\u00e9nez record\u00f3 que a partir de abril fueron detenidas m\u00e1s del 50 por ciento de las 550 unidades que brindan servicio en la regi\u00f3n capital.<\/p>\n\n\n\n<p>\u201cNos quedamos con 150 unidades, 180 unidades y actualmente estamos trabajando con un 60 por ciento en toda la ciudad, unos 260 autobuses\u201d.<\/p>\n\n\n\n<p>A\u00f1adi\u00f3 que, por instrucci\u00f3n del gobernador Cuitl\u00e1huac Garc\u00eda Jim\u00e9nez, los camiones deben respetar un aforo del 50 por ciento para evitar contagios y la propagaci\u00f3n de la enfermedad. Por ello, los transportistas pusieron en operaci\u00f3n m\u00e1s autobuses en algunas rutas, para acatar las disposiciones oficiales y atender la demanda de la poblaci\u00f3n.<\/p>\n\n\n\n<p>El Servicio Urbano de Xalapa, empresa que fue fundada hace 86 a\u00f1os y es la m\u00e1s antigua en el estado de Veracruz, realiza una inversi\u00f3n extraordinaria para desinfectar los autobuses todos los d\u00edas.<\/p>\n","protected":false},"excerpt":{"rendered":"<p>Juan Arcos Xalapa, Ver.- El Servicio Urbano de Xalapa (SUX) cerrar\u00e1 el a\u00f1o con p\u00e9rdidas econ\u00f3micas del 65 por ciento por la pandemia del SARS-COV-2 (COVID-19), en comparaci\u00f3n con a\u00f1os anteriores. De acuerdo con Guillermo Baizabal Jim\u00e9nez, presidente de a Sociedad Cooperativa Autotransportes del SUX, la misma situaci\u00f3n se registra en las distintas regiones de [&hellip;]<\/p>\n","protected":false},"author":1,"featured_media":8476,"comment_status":"open","ping_status":"open","sticky":false,"template":"","format":"standard","meta":{"_jetpack_memberships_contains_paid_content":false,"footnotes":""},"categories":[3],"tags":[],"class_list":["post-8475","post","type-post","status-publish","format-standard","has-post-thumbnail","hentry","category-xalapa"],"jetpack_featured_media_url":"https:\/\/encuentroinformativo.com.mx\/wp-content\/uploads\/2020\/11\/2A37E921-0195-476B-84D0-CCCAED8C99B0.jpeg","jetpack_sharing_enabled":true,"jetpack_likes_enabled":true,"amp_enabled":true,"_links":{"self":[{"href":"https:\/\/encuentroinformativo.com.mx\/index.php?rest_route=\/wp\/v2\/posts\/8475","targetHints":{"allow":["GET"]}}],"collection":[{"href":"https:\/\/encuentroinformativo.com.mx\/index.php?rest_route=\/wp\/v2\/posts"}],"about":[{"href":"https:\/\/encuentroinformativo.com.mx\/index.php?rest_route=\/wp\/v2\/types\/post"}],"author":[{"embeddable":true,"href":"https:\/\/encuentroinformativo.com.mx\/index.php?rest_route=\/wp\/v2\/users\/1"}],"replies":[{"embeddable":true,"href":"https:\/\/encuentroinformativo.com.mx\/index.php?rest_route=%2Fwp%2Fv2%2Fcomments&post=8475"}],"version-history":[{"count":1,"href":"https:\/\/encuentroinformativo.com.mx\/index.php?rest_route=\/wp\/v2\/posts\/8475\/revisions"}],"predecessor-version":[{"id":8477,"href":"https:\/\/encuentroinformativo.com.mx\/index.php?rest_route=\/wp\/v2\/posts\/8475\/revisions\/8477"}],"wp:featuredmedia":[{"embeddable":true,"href":"https:\/\/encuentroinformativo.com.mx\/index.php?rest_route=\/wp\/v2\/media\/8476"}],"wp:attachment":[{"href":"https:\/\/encuentroinformativo.com.mx\/index.php?rest_route=%2Fwp%2Fv2%2Fmedia&parent=8475"}],"wp:term":[{"taxonomy":"category","embeddable":true,"href":"https:\/\/encuentroinformativo.com.mx\/index.php?rest_route=%2Fwp%2Fv2%2Fcategories&post=8475"},{"taxonomy":"post_tag","embeddable":true,"href":"https:\/\/encuentroinformativo.com.mx\/index.php?rest_route=%2Fwp%2Fv2%2Ftags&post=8475"}],"curies":[{"name":"wp","href":"https:\/\/api.w.org\/{rel}","templated":true}]}}