{"id":8486,"date":"2020-11-26T15:11:14","date_gmt":"2020-11-26T21:11:14","guid":{"rendered":"https:\/\/encuentroinformativo.com.mx\/?p=8486"},"modified":"2020-11-26T15:11:15","modified_gmt":"2020-11-26T21:11:15","slug":"ante-inseguridad-blindan-la-riviera-veracruzana","status":"publish","type":"post","link":"https:\/\/encuentroinformativo.com.mx\/?p=8486","title":{"rendered":"Ante inseguridad, blindan la Riviera Veracruzana"},"content":{"rendered":"\n<p><strong>Alejandro \u00c1vila<\/strong><\/p>\n\n\n\n<p>Alvarado, Ver.- Tras los \u00faltimos robos a casa habitaci\u00f3n que se han dado en la Riviera Veracruzana, este jueves por la ma\u00f1ana se dot\u00f3 de siete unidades m\u00f3viles a la base de polic\u00eda que hay en la zona.<\/p>\n\n\n\n<p>El Ayuntamiento de Alvarado, entreg\u00f3 cinco patrullas y dos motocicletas a la Fuerza Civil, con la finalidad de dar pronta respuesta a las llamadas de emergencia en la zona.<\/p>\n\n\n\n<p>Bogar Ruiz Rosas, presidente municipal de Alvarado, se\u00f1al\u00f3 que la coordinaci\u00f3n con las fuerzas estatales puede ayudar a inhibir los delitos del fuero com\u00fan en la que es hoy la zona de mayor plusval\u00eda en la entidad.<\/p>\n\n\n\n<p>El capit\u00e1n Rafael Gonz\u00e1lez, director de la Fuerza Civil, agradeci\u00f3 a los presidentes de los fraccionamientos de la zona, quienes han coadyuvado con sus elementos para mejorar la seguridad la zona norte del municipio de Alvarado.<\/p>\n\n\n\n<p>Finalmente, el alcalde Bogar Ruiz, hizo entrega de la base policial, a la cual se le hicieron varias remodelaciones, siendo esta la central de operaciones desde la Isla del Amor hasta Ant\u00f3n Lizardo.<\/p>\n","protected":false},"excerpt":{"rendered":"<p>Alejandro \u00c1vila Alvarado, Ver.- Tras los \u00faltimos robos a casa habitaci\u00f3n que se han dado en la Riviera Veracruzana, este jueves por la ma\u00f1ana se dot\u00f3 de siete unidades m\u00f3viles a la base de polic\u00eda que hay en la zona. El Ayuntamiento de Alvarado, entreg\u00f3 cinco patrullas y dos motocicletas a la Fuerza Civil, con [&hellip;]<\/p>\n","protected":false},"author":1,"featured_media":8487,"comment_status":"open","ping_status":"open","sticky":false,"template":"","format":"standard","meta":{"_jetpack_memberships_contains_paid_content":false,"footnotes":""},"categories":[2],"tags":[],"class_list":["post-8486","post","type-post","status-publish","format-standard","has-post-thumbnail","hentry","category-estado"],"jetpack_featured_media_url":"https:\/\/encuentroinformativo.com.mx\/wp-content\/uploads\/2020\/11\/6392029A-7FA0-449E-B39D-31B21E45520A.jpeg","jetpack_sharing_enabled":true,"jetpack_likes_enabled":true,"amp_enabled":true,"_links":{"self":[{"href":"https:\/\/encuentroinformativo.com.mx\/index.php?rest_route=\/wp\/v2\/posts\/8486","targetHints":{"allow":["GET"]}}],"collection":[{"href":"https:\/\/encuentroinformativo.com.mx\/index.php?rest_route=\/wp\/v2\/posts"}],"about":[{"href":"https:\/\/encuentroinformativo.com.mx\/index.php?rest_route=\/wp\/v2\/types\/post"}],"author":[{"embeddable":true,"href":"https:\/\/encuentroinformativo.com.mx\/index.php?rest_route=\/wp\/v2\/users\/1"}],"replies":[{"embeddable":true,"href":"https:\/\/encuentroinformativo.com.mx\/index.php?rest_route=%2Fwp%2Fv2%2Fcomments&post=8486"}],"version-history":[{"count":1,"href":"https:\/\/encuentroinformativo.com.mx\/index.php?rest_route=\/wp\/v2\/posts\/8486\/revisions"}],"predecessor-version":[{"id":8488,"href":"https:\/\/encuentroinformativo.com.mx\/index.php?rest_route=\/wp\/v2\/posts\/8486\/revisions\/8488"}],"wp:featuredmedia":[{"embeddable":true,"href":"https:\/\/encuentroinformativo.com.mx\/index.php?rest_route=\/wp\/v2\/media\/8487"}],"wp:attachment":[{"href":"https:\/\/encuentroinformativo.com.mx\/index.php?rest_route=%2Fwp%2Fv2%2Fmedia&parent=8486"}],"wp:term":[{"taxonomy":"category","embeddable":true,"href":"https:\/\/encuentroinformativo.com.mx\/index.php?rest_route=%2Fwp%2Fv2%2Fcategories&post=8486"},{"taxonomy":"post_tag","embeddable":true,"href":"https:\/\/encuentroinformativo.com.mx\/index.php?rest_route=%2Fwp%2Fv2%2Ftags&post=8486"}],"curies":[{"name":"wp","href":"https:\/\/api.w.org\/{rel}","templated":true}]}}