{"id":8492,"date":"2020-11-26T15:30:30","date_gmt":"2020-11-26T21:30:30","guid":{"rendered":"https:\/\/encuentroinformativo.com.mx\/?p=8492"},"modified":"2020-11-26T15:30:33","modified_gmt":"2020-11-26T21:30:33","slug":"cerraran-calles-aledanas-a-iglesia-de-el-dique","status":"publish","type":"post","link":"https:\/\/encuentroinformativo.com.mx\/?p=8492","title":{"rendered":"Cerrar\u00e1n calles aleda\u00f1as a iglesia de El Dique"},"content":{"rendered":"\n<p><strong>Dar\u00edo Pale <\/strong><\/p>\n\n\n\n<p>Xalapa, Ver.- El\u00a0director de Asuntos Religiosos de la Secretar\u00eda de Gobierno del estado, Sergio Ulises Montes Guzm\u00e1n dio a conocer que a\u00a0partir del d\u00eda 10 de diciembre las calles aleda\u00f1as a la Bas\u00edlica Menor del Dique en Xalapa permanecer\u00e1n cerradas.<\/p>\n\n\n\n<p>Entrevistado en las afueras de palacio de gobierno se\u00f1al\u00f3 que,\u00a0\u201cse tiene previsto cerrar desde el d\u00eda 10 y hasta el d\u00eda 12 para evitar precisamente eso, porque luego hay gente que dice: bueno, va a estar cerrado, nos vamos antes y tambi\u00e9n por los puestos, las agrupaciones se ponen unos d\u00edas antes, entonces se va a hacer un operativo ah\u00ed de cierre en las principales calles\u201d.<\/p>\n\n\n\n<p>Inform\u00f3 que las medidas que se han tomado son para evitar las aglomeraciones y con ello el riesgo de incrementar los contagios por COVID-19, cosa que las mismas autoridades religiosas han solicitado,\u00a0\u201cde hecho la propuesta viene de parte de ellos, cuando nosotros llegamos ya el p\u00e1rroco de la bas\u00edlica ten\u00eda un planteamiento que iba en ese sentido y nosotros coincidimos en b\u00e1sicamente todo\u201d.<\/p>\n\n\n\n<p>Se\u00f1al\u00f3 que por parte de la Secretar\u00eda de Gobierno se determin\u00f3 enviar el comunicado a los municipios que regularmente acuden a la capital veracruzana para insistir en no acudir y adem\u00e1s se otorg\u00f3 el espacio en RTV para la transmisi\u00f3n de la misa, y\u00a0que en el caso de el Ayuntamiento de Xalapa, se encargar\u00e1n de montar los operativos con PC y Comercio para evitar que se coloquen los vendedores ambulantes.<\/p>\n\n\n\n<p>Otro de los acuerdos que lograron entre las partes, mencion\u00f3 Montes Guzm\u00e1n que fue el de no permitir a los feligreses llevar arreglos florales y coronas a la Bas\u00edlica para evitar que all\u00ed se pueda propagar el COVID-19 y poner en riesgo a los asistentes y los p\u00e1rrocos,\u00a0\u201cya tuvimos ah\u00ed una p\u00e9rdida muy lamentable, en esa parroquia precisamente\u201d.<\/p>\n\n\n\n<p>Finalmente precis\u00f3 que las calles que pudieran permanecer cerradas, al igual que la zona de las escalinatas de la iglesia del Dique, ser\u00e1n: Uni\u00f3n, Venustiano Carranza y la zona donde se ubica el \u00c1guila de la UV.<\/p>\n","protected":false},"excerpt":{"rendered":"<p>Dar\u00edo Pale Xalapa, Ver.- El\u00a0director de Asuntos Religiosos de la Secretar\u00eda de Gobierno del estado, Sergio Ulises Montes Guzm\u00e1n dio a conocer que a\u00a0partir del d\u00eda 10 de diciembre las calles aleda\u00f1as a la Bas\u00edlica Menor del Dique en Xalapa permanecer\u00e1n cerradas. Entrevistado en las afueras de palacio de gobierno se\u00f1al\u00f3 que,\u00a0\u201cse tiene previsto cerrar [&hellip;]<\/p>\n","protected":false},"author":1,"featured_media":8493,"comment_status":"open","ping_status":"open","sticky":false,"template":"","format":"standard","meta":{"_jetpack_memberships_contains_paid_content":false,"footnotes":""},"categories":[3],"tags":[],"class_list":["post-8492","post","type-post","status-publish","format-standard","has-post-thumbnail","hentry","category-xalapa"],"jetpack_featured_media_url":"https:\/\/encuentroinformativo.com.mx\/wp-content\/uploads\/2020\/11\/D65E8C28-E210-4A1B-8E82-6E1A740B1B17.jpeg","jetpack_sharing_enabled":true,"jetpack_likes_enabled":true,"amp_enabled":true,"_links":{"self":[{"href":"https:\/\/encuentroinformativo.com.mx\/index.php?rest_route=\/wp\/v2\/posts\/8492","targetHints":{"allow":["GET"]}}],"collection":[{"href":"https:\/\/encuentroinformativo.com.mx\/index.php?rest_route=\/wp\/v2\/posts"}],"about":[{"href":"https:\/\/encuentroinformativo.com.mx\/index.php?rest_route=\/wp\/v2\/types\/post"}],"author":[{"embeddable":true,"href":"https:\/\/encuentroinformativo.com.mx\/index.php?rest_route=\/wp\/v2\/users\/1"}],"replies":[{"embeddable":true,"href":"https:\/\/encuentroinformativo.com.mx\/index.php?rest_route=%2Fwp%2Fv2%2Fcomments&post=8492"}],"version-history":[{"count":1,"href":"https:\/\/encuentroinformativo.com.mx\/index.php?rest_route=\/wp\/v2\/posts\/8492\/revisions"}],"predecessor-version":[{"id":8494,"href":"https:\/\/encuentroinformativo.com.mx\/index.php?rest_route=\/wp\/v2\/posts\/8492\/revisions\/8494"}],"wp:featuredmedia":[{"embeddable":true,"href":"https:\/\/encuentroinformativo.com.mx\/index.php?rest_route=\/wp\/v2\/media\/8493"}],"wp:attachment":[{"href":"https:\/\/encuentroinformativo.com.mx\/index.php?rest_route=%2Fwp%2Fv2%2Fmedia&parent=8492"}],"wp:term":[{"taxonomy":"category","embeddable":true,"href":"https:\/\/encuentroinformativo.com.mx\/index.php?rest_route=%2Fwp%2Fv2%2Fcategories&post=8492"},{"taxonomy":"post_tag","embeddable":true,"href":"https:\/\/encuentroinformativo.com.mx\/index.php?rest_route=%2Fwp%2Fv2%2Ftags&post=8492"}],"curies":[{"name":"wp","href":"https:\/\/api.w.org\/{rel}","templated":true}]}}