{"id":8495,"date":"2020-11-26T15:46:58","date_gmt":"2020-11-26T21:46:58","guid":{"rendered":"https:\/\/encuentroinformativo.com.mx\/?p=8495"},"modified":"2020-11-26T15:47:01","modified_gmt":"2020-11-26T21:47:01","slug":"en-video-captan-asaltantes-de-la-colonia-cardel","status":"publish","type":"post","link":"https:\/\/encuentroinformativo.com.mx\/?p=8495","title":{"rendered":"En video, captan asaltantes de la colonia Cardel"},"content":{"rendered":"\n<p><strong>Juan Arcos <\/strong><\/p>\n\n\n\n<p>Xalapa, Ver.- Ladrones han sido captados por c\u00e1maras de videovigilancia en la colonia Jos\u00e9 Cardel de esta ciudad capital, donde la gente ha denunciado robos y asaltos a mano armada.<\/p>\n\n\n\n<p>Los vecinos de esta zona cercana al Centro Hist\u00f3rico de Xalapa permanecen alertas ante dicha situaci\u00f3n de inseguridad.<\/p>\n\n\n\n<p>Los delincuentes han sido captados en los \u00faltimos dos meses, mientras merodean entre las casas y los veh\u00edculos que permanecen estacionados en la v\u00eda p\u00fablica.<\/p>\n\n\n\n<p>Los ciudadanos sospechan de una banda dedicada a los atracos en la zona mencionada.\u00a0<br>Incluso, comentan que los ladrones habitan una casa de la calle Jos\u00e9 Sarabia, muy cerca de donde ha sido detectada la incidencia delictiva.<\/p>\n\n\n\n<p>\u201cEllos podr\u00edan ser los responsables de esta ola de ataques que durante los \u00faltimos meses han incrementado preocupantemente en estas calles de la unidad habitacional Loma Alta\u201d, comentan de manera an\u00f3nima por temor a represalias.<\/p>\n\n\n\n<p>Los delincuentes han sido sorprendidos mientras cometen atracos y, por ello, los vecinos han llamado a la polic\u00eda para su captura.<\/p>\n\n\n\n<p>Sin embargo, hasta el momento no han sido detenidos ni procesados penalmente por los delitos que han cometido.<\/p>\n\n\n\n<p>Los veh\u00edculos de la zona han amanecido sin llantas, cristaleados o rayados y da\u00f1ados en su exterior.<\/p>\n\n\n\n<p>Los vecinos presentar\u00e1n las fotograf\u00edas y videos, donde se observa que los sujetos intentan abrir los veh\u00edculos, como evidencia para proceder legalmente en su contra ante la Fiscal\u00eda General del Estado (FGE).<\/p>\n","protected":false},"excerpt":{"rendered":"<p>Juan Arcos Xalapa, Ver.- Ladrones han sido captados por c\u00e1maras de videovigilancia en la colonia Jos\u00e9 Cardel de esta ciudad capital, donde la gente ha denunciado robos y asaltos a mano armada. Los vecinos de esta zona cercana al Centro Hist\u00f3rico de Xalapa permanecen alertas ante dicha situaci\u00f3n de inseguridad. Los delincuentes han sido captados [&hellip;]<\/p>\n","protected":false},"author":1,"featured_media":8496,"comment_status":"open","ping_status":"open","sticky":false,"template":"","format":"standard","meta":{"_jetpack_memberships_contains_paid_content":false,"footnotes":""},"categories":[3],"tags":[],"class_list":["post-8495","post","type-post","status-publish","format-standard","has-post-thumbnail","hentry","category-xalapa"],"jetpack_featured_media_url":"https:\/\/encuentroinformativo.com.mx\/wp-content\/uploads\/2020\/11\/3FF3C4F1-6910-43C7-A144-92E41D09A351.jpeg","jetpack_sharing_enabled":true,"jetpack_likes_enabled":true,"amp_enabled":true,"_links":{"self":[{"href":"https:\/\/encuentroinformativo.com.mx\/index.php?rest_route=\/wp\/v2\/posts\/8495","targetHints":{"allow":["GET"]}}],"collection":[{"href":"https:\/\/encuentroinformativo.com.mx\/index.php?rest_route=\/wp\/v2\/posts"}],"about":[{"href":"https:\/\/encuentroinformativo.com.mx\/index.php?rest_route=\/wp\/v2\/types\/post"}],"author":[{"embeddable":true,"href":"https:\/\/encuentroinformativo.com.mx\/index.php?rest_route=\/wp\/v2\/users\/1"}],"replies":[{"embeddable":true,"href":"https:\/\/encuentroinformativo.com.mx\/index.php?rest_route=%2Fwp%2Fv2%2Fcomments&post=8495"}],"version-history":[{"count":1,"href":"https:\/\/encuentroinformativo.com.mx\/index.php?rest_route=\/wp\/v2\/posts\/8495\/revisions"}],"predecessor-version":[{"id":8497,"href":"https:\/\/encuentroinformativo.com.mx\/index.php?rest_route=\/wp\/v2\/posts\/8495\/revisions\/8497"}],"wp:featuredmedia":[{"embeddable":true,"href":"https:\/\/encuentroinformativo.com.mx\/index.php?rest_route=\/wp\/v2\/media\/8496"}],"wp:attachment":[{"href":"https:\/\/encuentroinformativo.com.mx\/index.php?rest_route=%2Fwp%2Fv2%2Fmedia&parent=8495"}],"wp:term":[{"taxonomy":"category","embeddable":true,"href":"https:\/\/encuentroinformativo.com.mx\/index.php?rest_route=%2Fwp%2Fv2%2Fcategories&post=8495"},{"taxonomy":"post_tag","embeddable":true,"href":"https:\/\/encuentroinformativo.com.mx\/index.php?rest_route=%2Fwp%2Fv2%2Ftags&post=8495"}],"curies":[{"name":"wp","href":"https:\/\/api.w.org\/{rel}","templated":true}]}}