{"id":8546,"date":"2020-11-27T13:06:31","date_gmt":"2020-11-27T19:06:31","guid":{"rendered":"https:\/\/encuentroinformativo.com.mx\/?p=8546"},"modified":"2020-11-27T13:06:34","modified_gmt":"2020-11-27T19:06:34","slug":"credenciales-2020-se-podran-utilizar-en-proceso-electoral-del-proximo-ano-ine","status":"publish","type":"post","link":"https:\/\/encuentroinformativo.com.mx\/?p=8546","title":{"rendered":"Credenciales 2020 se podr\u00e1n utilizar en proceso electoral del pr\u00f3ximo a\u00f1o: INE"},"content":{"rendered":"\n<p><strong>Dar\u00edo Pale <\/strong><\/p>\n\n\n\n<p>Xalapa, Ver.- Josue Cervantes Mart\u00ednez Vocal Ejecutivo del Instituto Nacional Electoral (INE), en Veracruz dio a conocer que las credenciales que vencieron en el 2019 y las que vencen en 2020 podr\u00e1n ser utilizadas en las votaciones del 2021 ya que por acuerdo del INE estas no pierden vigencia y estar\u00e1n contempladas dentro del padr\u00f3n electoral.<\/p>\n\n\n\n<p>En entrevista telef\u00f3nica se\u00f1al\u00f3 que en la segunda sesi\u00f3n que celebr\u00f3 la junta local para la preparaci\u00f3n del proceso electoral y una de las desiciones trascendentes fue la ratificaci\u00f3n de consejeros y la designaci\u00f3n de los nuevos para cubrir algunas vacantes para los 20 consejos distritales de Veracruz para que se puedan instalar el d\u00eda primero de diciembre.<\/p>\n\n\n\n<p>Se\u00f1al\u00f3 que hubo un proceso que se desahog\u00f3 donde una persona que particip\u00f3 y realizaron una propuesta la cual se puso a consideraci\u00f3n de los partidos pol\u00edticos para que hicieran las observaciones, por lo que fueron hechos algunos comentarios y al hacer una revisi\u00f3n y los que no cumpl\u00edan con los requisitos fueron a ser sustituidos, y realizaron una segunda propuesta la cual despu\u00e9s de unas correcciones fue aprobada de forma definitiva.<\/p>\n\n\n\n<p>Los consejos distritales tomar\u00e1n protesta el d\u00eda primero de diciembre en diferentes horas los 20 consejos distritales, al igual que los representantes de los diferentes partidos pol\u00edticos, por lo que entraran en funciones 120 consejeros y consejeras distritales en el estado adem\u00e1s de las 14 posibles representantes de los partidos pol\u00edticos en cada uno de los distritos.<\/p>\n\n\n\n<p>Dio a conocer que actualmente est\u00e1n reclutando a personas que quieran desempe\u00f1arse como aspirantes a supervisar\u00e1s o supervisores y otros que quieran desempe\u00f1arse como capacitadores o capacitadoras, asistentes electorales, por lo que el d\u00eda 12 y 13 de diciembre realizar\u00e1n el examen de conocimiento para estos cargos y dependiendo de los resultados se realizar\u00e1n las entrevistas a los mejores promedios en el mes de enero se realizar\u00e1n las designaciones.<\/p>\n\n\n\n<p>En otro orden de ideas dio a conocer que ya est\u00e1n trabajando los m\u00f3dulos dela Registro Federal de Electora (RFE), para la renovaci\u00f3n de las credenciales de elector para que a quienes se les venza en este a\u00f1o o cumpla la mayor\u00eda de edad, al igual que quienes las extraviaron o cambiaron de domicilio ya que los m\u00f3dulos cerraran el d\u00eda 10 de febrero del 2021 para realizar el padr\u00f3n electoral.<\/p>\n\n\n\n<p>Finalmente dio a conocer que las credenciales que perd\u00edan vigencia en el a\u00f1o 2019 y en este a\u00f1o se podr\u00e1n seguir utilizando en el 2021, ya que no pierden su vigencia para que puedan votar el seis de junio, ya que con motivo de la pandemia est\u00e1n trabajando con solo algunos m\u00f3dulos de credencializaci\u00f3n y adem\u00e1s solo est\u00e1n atendiendo con citas por lo que no es lo mismo que servicio que se prest\u00f3 en otros a\u00f1os.<\/p>\n","protected":false},"excerpt":{"rendered":"<p>Dar\u00edo Pale Xalapa, Ver.- Josue Cervantes Mart\u00ednez Vocal Ejecutivo del Instituto Nacional Electoral (INE), en Veracruz dio a conocer que las credenciales que vencieron en el 2019 y las que vencen en 2020 podr\u00e1n ser utilizadas en las votaciones del 2021 ya que por acuerdo del INE estas no pierden vigencia y estar\u00e1n contempladas dentro [&hellip;]<\/p>\n","protected":false},"author":1,"featured_media":8547,"comment_status":"open","ping_status":"open","sticky":false,"template":"","format":"standard","meta":{"_jetpack_memberships_contains_paid_content":false,"footnotes":""},"categories":[2],"tags":[],"class_list":["post-8546","post","type-post","status-publish","format-standard","has-post-thumbnail","hentry","category-estado"],"jetpack_featured_media_url":"https:\/\/encuentroinformativo.com.mx\/wp-content\/uploads\/2020\/11\/9F465BEA-229F-4A53-BA8F-881E4623BE03.jpeg","jetpack_sharing_enabled":true,"jetpack_likes_enabled":true,"amp_enabled":true,"_links":{"self":[{"href":"https:\/\/encuentroinformativo.com.mx\/index.php?rest_route=\/wp\/v2\/posts\/8546","targetHints":{"allow":["GET"]}}],"collection":[{"href":"https:\/\/encuentroinformativo.com.mx\/index.php?rest_route=\/wp\/v2\/posts"}],"about":[{"href":"https:\/\/encuentroinformativo.com.mx\/index.php?rest_route=\/wp\/v2\/types\/post"}],"author":[{"embeddable":true,"href":"https:\/\/encuentroinformativo.com.mx\/index.php?rest_route=\/wp\/v2\/users\/1"}],"replies":[{"embeddable":true,"href":"https:\/\/encuentroinformativo.com.mx\/index.php?rest_route=%2Fwp%2Fv2%2Fcomments&post=8546"}],"version-history":[{"count":1,"href":"https:\/\/encuentroinformativo.com.mx\/index.php?rest_route=\/wp\/v2\/posts\/8546\/revisions"}],"predecessor-version":[{"id":8548,"href":"https:\/\/encuentroinformativo.com.mx\/index.php?rest_route=\/wp\/v2\/posts\/8546\/revisions\/8548"}],"wp:featuredmedia":[{"embeddable":true,"href":"https:\/\/encuentroinformativo.com.mx\/index.php?rest_route=\/wp\/v2\/media\/8547"}],"wp:attachment":[{"href":"https:\/\/encuentroinformativo.com.mx\/index.php?rest_route=%2Fwp%2Fv2%2Fmedia&parent=8546"}],"wp:term":[{"taxonomy":"category","embeddable":true,"href":"https:\/\/encuentroinformativo.com.mx\/index.php?rest_route=%2Fwp%2Fv2%2Fcategories&post=8546"},{"taxonomy":"post_tag","embeddable":true,"href":"https:\/\/encuentroinformativo.com.mx\/index.php?rest_route=%2Fwp%2Fv2%2Ftags&post=8546"}],"curies":[{"name":"wp","href":"https:\/\/api.w.org\/{rel}","templated":true}]}}