{"id":8549,"date":"2020-11-27T13:20:24","date_gmt":"2020-11-27T19:20:24","guid":{"rendered":"https:\/\/encuentroinformativo.com.mx\/?p=8549"},"modified":"2020-11-27T13:20:55","modified_gmt":"2020-11-27T19:20:55","slug":"docentes-de-tiempo-completo-reclaman-pagos-realizan-bloqueos","status":"publish","type":"post","link":"https:\/\/encuentroinformativo.com.mx\/?p=8549","title":{"rendered":"Docentes de tiempo completo reclaman pagos, realizan bloqueos"},"content":{"rendered":"\n<p><strong>Juan Arcos\/Dar\u00edo Pale <\/strong><\/p>\n\n\n\n<p>Xalapa, Ver.- Profesores de distintos puntos de la entidad bloquearon la calle Juan de la Luz Enr\u00edquez para exigir que sea liberado el pago de su salario, mismo que fue retenido desde septiembre pasado.<\/p>\n\n\n\n<p>Se trata de docentes del programa Escuelas de Tiempo Completo, quienes protestaron para exigir al gobierno estatal que libere los tres meses de pago que les adeudan.<\/p>\n\n\n\n<p>De acuerdo con Fidel Manr\u00edquez, uno de los afectados, en la Secretar\u00eda de Educaci\u00f3n de Veracruz (SEV) les han informado que no hay recursos econ\u00f3micos para pagarles.<\/p>\n\n\n\n<p>\u201cDicen que no hay capital para poder darnos nuestro pago. Todas las escuelas de tiempo completo, a nadie le han dado su pago en el estado de Veracruz\u201d.<\/p>\n\n\n\n<p>El entrevistado indic\u00f3 que su \u00faltimo pago fue en junio pasado por el per\u00edodo vacacional. Los profesores iniciaron el ciclo escolar 2020-2021 pero ya no les pagaron.<\/p>\n\n\n\n<p>\u201cEl presupuesto de escuelas de tiempo completo se estipula por a\u00f1o electivo, quiere decir que el pago de nosotros, de septiembre a diciembre, ya estaba contemplado, no entendemos la raz\u00f3n del porqu\u00e9 no nos quieren dar el pago\u201d.<\/p>\n\n\n\n<p>Los maestros contin\u00faan laborando, pese a la pandemia del SARS-COV-2 (COVID-19), pues les han notificado que el programa federal no desaparecer\u00e1.<\/p>\n\n\n\n<p>\u201cHubo un recorte de presupuesto, nos han dicho que el programa va a continuar, simplemente va a cambiar de clave, de nombre, a partir del pr\u00f3ximo ciclo escolar se va a llamar La Escuela es Nuestra\u201d.<\/p>\n\n\n\n<p>Fidel Manr\u00edquez indic\u00f3 que en otros estados de la Rep\u00fablica los profesores de Escuelas de Tiempo Completo han logrado con sus protestas que las autoridades liberen sus pagos.<\/p>\n\n\n\n<p>Por su parte, Ver\u00f3nica Mart\u00ednez S\u00e1nchez una de las maestras del movimiento dio a conocer que vienen a solicitarle al gobierno de Veracruz que le pague el periodo de septiembre a diciembre ya que el recurso ya est\u00e1 llegando a otros estados de la rep\u00fablica y en el estado se est\u00e1n haciendo los &#8220;ciegos&#8221; y no les han pagado, motivo por el cual arribaron a la capital del estado para exigir su pago.<\/p>\n\n\n\n<p>Record\u00f3 que en otras ocasiones ya se han manifestado pero no les hacen caso, el titular de la Secretar\u00eda de Educaci\u00f3n de Veracruz (SEV), ya est\u00e1 enterado han tenido di\u00e1logos con Zenyazen Escobar, le han entregado oficios y no les han dado ninguna respuesta solo se limitan a decirles que no hay dinero, pero como es posible que en otros estados ya les est\u00e9n pagando y aqu\u00ed a\u00fan no lo hacen.<\/p>\n\n\n\n<p>Por tal motivo, amagaron con realizar movilizaciones en la ciudad hasta que sean liquidados los adeudos mencionados.<\/p>\n\n\n\n<figure class=\"wp-block-image size-large\"><img loading=\"lazy\" decoding=\"async\" width=\"972\" height=\"648\" src=\"https:\/\/encuentroinformativo.com.mx\/wp-content\/uploads\/2020\/11\/542F749B-711C-46E0-84F6-09A9903E7A38.jpeg\" alt=\"\" class=\"wp-image-8551\" srcset=\"https:\/\/encuentroinformativo.com.mx\/wp-content\/uploads\/2020\/11\/542F749B-711C-46E0-84F6-09A9903E7A38.jpeg 972w, https:\/\/encuentroinformativo.com.mx\/wp-content\/uploads\/2020\/11\/542F749B-711C-46E0-84F6-09A9903E7A38-300x200.jpeg 300w, https:\/\/encuentroinformativo.com.mx\/wp-content\/uploads\/2020\/11\/542F749B-711C-46E0-84F6-09A9903E7A38-768x512.jpeg 768w\" sizes=\"auto, (max-width: 972px) 100vw, 972px\" \/><\/figure>\n\n\n\n<figure class=\"wp-block-image size-large\"><img loading=\"lazy\" decoding=\"async\" width=\"1024\" height=\"682\" src=\"https:\/\/encuentroinformativo.com.mx\/wp-content\/uploads\/2020\/11\/06CAD67E-AD78-4A00-998F-5508F1AB705C-1024x682.jpeg\" alt=\"\" class=\"wp-image-8552\" srcset=\"https:\/\/encuentroinformativo.com.mx\/wp-content\/uploads\/2020\/11\/06CAD67E-AD78-4A00-998F-5508F1AB705C-1024x682.jpeg 1024w, https:\/\/encuentroinformativo.com.mx\/wp-content\/uploads\/2020\/11\/06CAD67E-AD78-4A00-998F-5508F1AB705C-300x200.jpeg 300w, https:\/\/encuentroinformativo.com.mx\/wp-content\/uploads\/2020\/11\/06CAD67E-AD78-4A00-998F-5508F1AB705C-768x512.jpeg 768w, https:\/\/encuentroinformativo.com.mx\/wp-content\/uploads\/2020\/11\/06CAD67E-AD78-4A00-998F-5508F1AB705C.jpeg 1280w\" sizes=\"auto, (max-width: 1024px) 100vw, 1024px\" \/><\/figure>\n","protected":false},"excerpt":{"rendered":"<p>Juan Arcos\/Dar\u00edo Pale Xalapa, Ver.- Profesores de distintos puntos de la entidad bloquearon la calle Juan de la Luz Enr\u00edquez para exigir que sea liberado el pago de su salario, mismo que fue retenido desde septiembre pasado. Se trata de docentes del programa Escuelas de Tiempo Completo, quienes protestaron para exigir al gobierno estatal que [&hellip;]<\/p>\n","protected":false},"author":1,"featured_media":8550,"comment_status":"open","ping_status":"open","sticky":false,"template":"","format":"standard","meta":{"_jetpack_memberships_contains_paid_content":false,"footnotes":""},"categories":[3],"tags":[],"class_list":["post-8549","post","type-post","status-publish","format-standard","has-post-thumbnail","hentry","category-xalapa"],"jetpack_featured_media_url":"https:\/\/encuentroinformativo.com.mx\/wp-content\/uploads\/2020\/11\/4E61CDD6-589E-4976-AAD5-57552D8B126B.jpeg","jetpack_sharing_enabled":true,"jetpack_likes_enabled":true,"amp_enabled":true,"_links":{"self":[{"href":"https:\/\/encuentroinformativo.com.mx\/index.php?rest_route=\/wp\/v2\/posts\/8549","targetHints":{"allow":["GET"]}}],"collection":[{"href":"https:\/\/encuentroinformativo.com.mx\/index.php?rest_route=\/wp\/v2\/posts"}],"about":[{"href":"https:\/\/encuentroinformativo.com.mx\/index.php?rest_route=\/wp\/v2\/types\/post"}],"author":[{"embeddable":true,"href":"https:\/\/encuentroinformativo.com.mx\/index.php?rest_route=\/wp\/v2\/users\/1"}],"replies":[{"embeddable":true,"href":"https:\/\/encuentroinformativo.com.mx\/index.php?rest_route=%2Fwp%2Fv2%2Fcomments&post=8549"}],"version-history":[{"count":1,"href":"https:\/\/encuentroinformativo.com.mx\/index.php?rest_route=\/wp\/v2\/posts\/8549\/revisions"}],"predecessor-version":[{"id":8553,"href":"https:\/\/encuentroinformativo.com.mx\/index.php?rest_route=\/wp\/v2\/posts\/8549\/revisions\/8553"}],"wp:featuredmedia":[{"embeddable":true,"href":"https:\/\/encuentroinformativo.com.mx\/index.php?rest_route=\/wp\/v2\/media\/8550"}],"wp:attachment":[{"href":"https:\/\/encuentroinformativo.com.mx\/index.php?rest_route=%2Fwp%2Fv2%2Fmedia&parent=8549"}],"wp:term":[{"taxonomy":"category","embeddable":true,"href":"https:\/\/encuentroinformativo.com.mx\/index.php?rest_route=%2Fwp%2Fv2%2Fcategories&post=8549"},{"taxonomy":"post_tag","embeddable":true,"href":"https:\/\/encuentroinformativo.com.mx\/index.php?rest_route=%2Fwp%2Fv2%2Ftags&post=8549"}],"curies":[{"name":"wp","href":"https:\/\/api.w.org\/{rel}","templated":true}]}}