{"id":8570,"date":"2020-11-27T22:04:53","date_gmt":"2020-11-28T04:04:53","guid":{"rendered":"https:\/\/encuentroinformativo.com.mx\/?p=8570"},"modified":"2020-11-27T22:04:56","modified_gmt":"2020-11-28T04:04:56","slug":"toma-protesta-comite-de-unidad-ciudadana-en-tamiahua","status":"publish","type":"post","link":"https:\/\/encuentroinformativo.com.mx\/?p=8570","title":{"rendered":"Toma protesta comit\u00e9 de Unidad Ciudadana en Tamiahua"},"content":{"rendered":"\n<p>Tamiahua, Ver.- Este viernes se tom\u00f3 la protesta de la directiva del Comit\u00e9 Municipal de Tamiahua, siendo el titular, David Michel Ben\u00edtez Cruz y Secretaria General, Mayra Ivette Reyes Alejandre, quienes se comprometieron a fortalecer al partido Unidad Ciudadana en ese bello municipio, el cual posee riqueza tur\u00edstica y gastron\u00f3mica.<\/p>\n","protected":false},"excerpt":{"rendered":"<p>Tamiahua, Ver.- Este viernes se tom\u00f3 la protesta de la directiva del Comit\u00e9 Municipal de Tamiahua, siendo el titular, David Michel Ben\u00edtez Cruz y Secretaria General, Mayra Ivette Reyes Alejandre, quienes se comprometieron a fortalecer al partido Unidad Ciudadana en ese bello municipio, el cual posee riqueza tur\u00edstica y gastron\u00f3mica.<\/p>\n","protected":false},"author":1,"featured_media":8571,"comment_status":"open","ping_status":"open","sticky":false,"template":"","format":"standard","meta":{"_jetpack_memberships_contains_paid_content":false,"footnotes":""},"categories":[2],"tags":[],"class_list":["post-8570","post","type-post","status-publish","format-standard","has-post-thumbnail","hentry","category-estado"],"jetpack_featured_media_url":"https:\/\/encuentroinformativo.com.mx\/wp-content\/uploads\/2020\/11\/D260609E-9EC5-4B4D-83FB-D886B56326BF.jpeg","jetpack_sharing_enabled":true,"jetpack_likes_enabled":true,"amp_enabled":true,"_links":{"self":[{"href":"https:\/\/encuentroinformativo.com.mx\/index.php?rest_route=\/wp\/v2\/posts\/8570","targetHints":{"allow":["GET"]}}],"collection":[{"href":"https:\/\/encuentroinformativo.com.mx\/index.php?rest_route=\/wp\/v2\/posts"}],"about":[{"href":"https:\/\/encuentroinformativo.com.mx\/index.php?rest_route=\/wp\/v2\/types\/post"}],"author":[{"embeddable":true,"href":"https:\/\/encuentroinformativo.com.mx\/index.php?rest_route=\/wp\/v2\/users\/1"}],"replies":[{"embeddable":true,"href":"https:\/\/encuentroinformativo.com.mx\/index.php?rest_route=%2Fwp%2Fv2%2Fcomments&post=8570"}],"version-history":[{"count":1,"href":"https:\/\/encuentroinformativo.com.mx\/index.php?rest_route=\/wp\/v2\/posts\/8570\/revisions"}],"predecessor-version":[{"id":8572,"href":"https:\/\/encuentroinformativo.com.mx\/index.php?rest_route=\/wp\/v2\/posts\/8570\/revisions\/8572"}],"wp:featuredmedia":[{"embeddable":true,"href":"https:\/\/encuentroinformativo.com.mx\/index.php?rest_route=\/wp\/v2\/media\/8571"}],"wp:attachment":[{"href":"https:\/\/encuentroinformativo.com.mx\/index.php?rest_route=%2Fwp%2Fv2%2Fmedia&parent=8570"}],"wp:term":[{"taxonomy":"category","embeddable":true,"href":"https:\/\/encuentroinformativo.com.mx\/index.php?rest_route=%2Fwp%2Fv2%2Fcategories&post=8570"},{"taxonomy":"post_tag","embeddable":true,"href":"https:\/\/encuentroinformativo.com.mx\/index.php?rest_route=%2Fwp%2Fv2%2Ftags&post=8570"}],"curies":[{"name":"wp","href":"https:\/\/api.w.org\/{rel}","templated":true}]}}