{"id":8580,"date":"2020-11-28T14:46:39","date_gmt":"2020-11-28T20:46:39","guid":{"rendered":"https:\/\/encuentroinformativo.com.mx\/?p=8580"},"modified":"2020-11-28T14:46:43","modified_gmt":"2020-11-28T20:46:43","slug":"el-tiburon-es-del-pueblo-no-de-kuri-aficionados","status":"publish","type":"post","link":"https:\/\/encuentroinformativo.com.mx\/?p=8580","title":{"rendered":"El Tibur\u00f3n es del pueblo no de Kuri: Aficionados"},"content":{"rendered":"\n<p><strong>*Volvi\u00f3 la fiesta y carnaval en el &#8220;Pirata&#8221;.<\/strong><\/p>\n\n\n\n<p><strong>Alejandro \u00c1vila<\/strong><\/p>\n\n\n\n<p>Boca del R\u00edo, Ver.- Volvieron a repicar las tarolas, a sonar las trompetas y a latir los bombos en el Luis &#8220;Pirata&#8221; de la Fuente, pues decenas de aficionados se congregaron a las afueras del coloso del fraccionamiento Virginia.<\/p>\n\n\n\n<p>La cita fue a las 6:30 de la tarde de este viernes, donde integrantes de las porras lanzaron la convocatoria que fue replicada por decenas de aficionados que iban llegando poco a poco a la casa del Tibur\u00f3n Rojo.<\/p>\n\n\n\n<p>Con playeras del equipo, pintados de la cara, mostrando sus tatuajes que marcaban su amor por el equipo veracruzano, prendieron bengalas y comenz\u00f3 el carnaval en la explanada del recinto futbolero.<\/p>\n\n\n\n<p>&#8220;Volveremos volveremos, volveremos otra vez&#8221; fue uno de los cantos que m\u00e1s reson\u00f3 en las paredes del &#8220;Pirata&#8221; Fuente, donde se enchinaba la piel y daban ganas de volver a la tribuna a alentar al equipo de sus amores.<\/p>\n\n\n\n<p>Se ondearon banderas y se mostraron pancartas reclamando a Fidel Kuri Grajales que el equipo no es suyo, sino del pueblo, de los veracruzanos.&nbsp;<\/p>\n\n\n\n<p>Como si estuvieran postrados en la zona popular, los aficionados veracruzanos compraron cervezas y calentaron la sangre para hacer sonar m\u00e1s fuerte sus gargantas en cada cantito, &#8220;no lo trates no, no lo trates de parar, sabes bien que soy escualo y esta noche va a ganar&#8221;, se escuch\u00f3 nuevamente de voz de los aficionados jarochos.<\/p>\n\n\n\n<p>&#8220;Iban a venir m\u00e1s, la convocatoria se hizo en la semana, pero les dio para abajo el amparo que present\u00f3 Kuri. No nos gusta que se crea due\u00f1o del equipo, es del Gobierno del Estado, de los veracruzanos&#8221;, dijo uno de los organizadores y l\u00edder una de las barras que prefiri\u00f3 guardar anonimato.<\/p>\n\n\n\n<p>La noticia de un posible regreso de los Tiburones Rojos de Veracruz para julio de 2021 que ha presumido el gobernador Cuitl\u00e1huac Garc\u00eda Jim\u00e9nez, hizo latir los corazones de miles de aficionados que sue\u00f1as, palpitan y vibran por volver a ver al club del cual se enamoraron desde hace a\u00f1os.<br><strong>Fotos: <\/strong>F\u00e9lix M\u00e1rquez<\/p>\n\n\n\n<figure class=\"wp-block-image size-large\"><img loading=\"lazy\" decoding=\"async\" width=\"1024\" height=\"768\" src=\"https:\/\/encuentroinformativo.com.mx\/wp-content\/uploads\/2020\/11\/127E789A-294E-4FD0-8C98-55C47EEA110B-1024x768.jpeg\" alt=\"\" class=\"wp-image-8582\" srcset=\"https:\/\/encuentroinformativo.com.mx\/wp-content\/uploads\/2020\/11\/127E789A-294E-4FD0-8C98-55C47EEA110B-1024x768.jpeg 1024w, https:\/\/encuentroinformativo.com.mx\/wp-content\/uploads\/2020\/11\/127E789A-294E-4FD0-8C98-55C47EEA110B-300x225.jpeg 300w, https:\/\/encuentroinformativo.com.mx\/wp-content\/uploads\/2020\/11\/127E789A-294E-4FD0-8C98-55C47EEA110B-768x576.jpeg 768w, https:\/\/encuentroinformativo.com.mx\/wp-content\/uploads\/2020\/11\/127E789A-294E-4FD0-8C98-55C47EEA110B.jpeg 1280w\" sizes=\"auto, (max-width: 1024px) 100vw, 1024px\" \/><\/figure>\n","protected":false},"excerpt":{"rendered":"<p>*Volvi\u00f3 la fiesta y carnaval en el &#8220;Pirata&#8221;. Alejandro \u00c1vila Boca del R\u00edo, Ver.- Volvieron a repicar las tarolas, a sonar las trompetas y a latir los bombos en el Luis &#8220;Pirata&#8221; de la Fuente, pues decenas de aficionados se congregaron a las afueras del coloso del fraccionamiento Virginia. La cita fue a las 6:30 [&hellip;]<\/p>\n","protected":false},"author":1,"featured_media":8581,"comment_status":"open","ping_status":"open","sticky":false,"template":"","format":"standard","meta":{"_jetpack_memberships_contains_paid_content":false,"footnotes":""},"categories":[2],"tags":[],"class_list":["post-8580","post","type-post","status-publish","format-standard","has-post-thumbnail","hentry","category-estado"],"jetpack_featured_media_url":"https:\/\/encuentroinformativo.com.mx\/wp-content\/uploads\/2020\/11\/C4F5ECFD-9DFC-45A7-8F1D-597E90F53D11.jpeg","jetpack_sharing_enabled":true,"jetpack_likes_enabled":true,"amp_enabled":true,"_links":{"self":[{"href":"https:\/\/encuentroinformativo.com.mx\/index.php?rest_route=\/wp\/v2\/posts\/8580","targetHints":{"allow":["GET"]}}],"collection":[{"href":"https:\/\/encuentroinformativo.com.mx\/index.php?rest_route=\/wp\/v2\/posts"}],"about":[{"href":"https:\/\/encuentroinformativo.com.mx\/index.php?rest_route=\/wp\/v2\/types\/post"}],"author":[{"embeddable":true,"href":"https:\/\/encuentroinformativo.com.mx\/index.php?rest_route=\/wp\/v2\/users\/1"}],"replies":[{"embeddable":true,"href":"https:\/\/encuentroinformativo.com.mx\/index.php?rest_route=%2Fwp%2Fv2%2Fcomments&post=8580"}],"version-history":[{"count":1,"href":"https:\/\/encuentroinformativo.com.mx\/index.php?rest_route=\/wp\/v2\/posts\/8580\/revisions"}],"predecessor-version":[{"id":8583,"href":"https:\/\/encuentroinformativo.com.mx\/index.php?rest_route=\/wp\/v2\/posts\/8580\/revisions\/8583"}],"wp:featuredmedia":[{"embeddable":true,"href":"https:\/\/encuentroinformativo.com.mx\/index.php?rest_route=\/wp\/v2\/media\/8581"}],"wp:attachment":[{"href":"https:\/\/encuentroinformativo.com.mx\/index.php?rest_route=%2Fwp%2Fv2%2Fmedia&parent=8580"}],"wp:term":[{"taxonomy":"category","embeddable":true,"href":"https:\/\/encuentroinformativo.com.mx\/index.php?rest_route=%2Fwp%2Fv2%2Fcategories&post=8580"},{"taxonomy":"post_tag","embeddable":true,"href":"https:\/\/encuentroinformativo.com.mx\/index.php?rest_route=%2Fwp%2Fv2%2Ftags&post=8580"}],"curies":[{"name":"wp","href":"https:\/\/api.w.org\/{rel}","templated":true}]}}