{"id":8590,"date":"2020-11-28T15:54:23","date_gmt":"2020-11-28T21:54:23","guid":{"rendered":"https:\/\/encuentroinformativo.com.mx\/?p=8590"},"modified":"2020-11-28T15:54:26","modified_gmt":"2020-11-28T21:54:26","slug":"realizan-campana-de-donacion-de-alimentos","status":"publish","type":"post","link":"https:\/\/encuentroinformativo.com.mx\/?p=8590","title":{"rendered":"Realizan campa\u00f1a de donaci\u00f3n de alimentos"},"content":{"rendered":"\n<p><strong>Dar\u00edo Pale <\/strong><\/p>\n\n\n\n<p>Xalapa, Ver.- Daniel Romero, quien dijo pertenecer a la Iglesia Visi\u00f3n Internacional Xalapa dio a conocer que con la finalidad de poder\u00a0influenciar de buena manera en la poblaci\u00f3n juvenil de la ciudad, por lo cual un grupo de j\u00f3venes realiza una campa\u00f1a de donaci\u00f3n de alimentos en el parque Ju\u00e1rez de la capital del estado como parte de sus actividades en favor de los dem\u00e1s.<\/p>\n\n\n\n<p>Entrevistado durante el evento revel\u00f3 que este grupo est\u00e1 integrado por adolescentes a partir de los 12 a\u00f1os y que en general son estudiantes,\u00a0\u201cha habido muchos problemas sobre todo de depresi\u00f3n en los j\u00f3venes y creo que poder activarlos en que ellos participen en este tipo de actividades tambi\u00e9n estamos creando en ellos algo diferente\u201d.<\/p>\n\n\n\n<p>Se\u00f1alaron que la intenci\u00f3n es que salgan y si tienen, dejen algunos vicios, adem\u00e1s de comenzar a involucrarlos en cuestiones positivas.<\/p>\n\n\n\n<p>Explicaron que esta campa\u00f1a estar\u00e1 cada 15 o 21 d\u00edas realizando sus actividades, ya que hace dos semanas donaron su\u00e9teres para la temporada invernal que se aproxima y, a pesar de que fueron pocos, afirman que esa peque\u00f1a cantidad hace la diferencia.<\/p>\n\n\n\n<p>Finalmente cabe se\u00f1alar que este d\u00eda estuvieron hasta las 14 horas, por lo que iniciaron en la zona centro y despu\u00e9s ir\u00e1n a m\u00e1s colonias de la periferia adem\u00e1s de comunidades.<\/p>\n","protected":false},"excerpt":{"rendered":"<p>Dar\u00edo Pale Xalapa, Ver.- Daniel Romero, quien dijo pertenecer a la Iglesia Visi\u00f3n Internacional Xalapa dio a conocer que con la finalidad de poder\u00a0influenciar de buena manera en la poblaci\u00f3n juvenil de la ciudad, por lo cual un grupo de j\u00f3venes realiza una campa\u00f1a de donaci\u00f3n de alimentos en el parque Ju\u00e1rez de la capital [&hellip;]<\/p>\n","protected":false},"author":1,"featured_media":8591,"comment_status":"open","ping_status":"open","sticky":false,"template":"","format":"standard","meta":{"_jetpack_memberships_contains_paid_content":false,"footnotes":""},"categories":[3],"tags":[],"class_list":["post-8590","post","type-post","status-publish","format-standard","has-post-thumbnail","hentry","category-xalapa"],"jetpack_featured_media_url":"https:\/\/encuentroinformativo.com.mx\/wp-content\/uploads\/2020\/11\/C357EAD9-5B4B-4979-A434-5CDE7B3F0663.jpeg","jetpack_sharing_enabled":true,"jetpack_likes_enabled":true,"amp_enabled":true,"_links":{"self":[{"href":"https:\/\/encuentroinformativo.com.mx\/index.php?rest_route=\/wp\/v2\/posts\/8590","targetHints":{"allow":["GET"]}}],"collection":[{"href":"https:\/\/encuentroinformativo.com.mx\/index.php?rest_route=\/wp\/v2\/posts"}],"about":[{"href":"https:\/\/encuentroinformativo.com.mx\/index.php?rest_route=\/wp\/v2\/types\/post"}],"author":[{"embeddable":true,"href":"https:\/\/encuentroinformativo.com.mx\/index.php?rest_route=\/wp\/v2\/users\/1"}],"replies":[{"embeddable":true,"href":"https:\/\/encuentroinformativo.com.mx\/index.php?rest_route=%2Fwp%2Fv2%2Fcomments&post=8590"}],"version-history":[{"count":1,"href":"https:\/\/encuentroinformativo.com.mx\/index.php?rest_route=\/wp\/v2\/posts\/8590\/revisions"}],"predecessor-version":[{"id":8592,"href":"https:\/\/encuentroinformativo.com.mx\/index.php?rest_route=\/wp\/v2\/posts\/8590\/revisions\/8592"}],"wp:featuredmedia":[{"embeddable":true,"href":"https:\/\/encuentroinformativo.com.mx\/index.php?rest_route=\/wp\/v2\/media\/8591"}],"wp:attachment":[{"href":"https:\/\/encuentroinformativo.com.mx\/index.php?rest_route=%2Fwp%2Fv2%2Fmedia&parent=8590"}],"wp:term":[{"taxonomy":"category","embeddable":true,"href":"https:\/\/encuentroinformativo.com.mx\/index.php?rest_route=%2Fwp%2Fv2%2Fcategories&post=8590"},{"taxonomy":"post_tag","embeddable":true,"href":"https:\/\/encuentroinformativo.com.mx\/index.php?rest_route=%2Fwp%2Fv2%2Ftags&post=8590"}],"curies":[{"name":"wp","href":"https:\/\/api.w.org\/{rel}","templated":true}]}}