{"id":8593,"date":"2020-11-29T08:55:23","date_gmt":"2020-11-29T14:55:23","guid":{"rendered":"https:\/\/encuentroinformativo.com.mx\/?p=8593"},"modified":"2020-11-29T02:23:00","modified_gmt":"2020-11-29T08:23:00","slug":"seguimos-en-tiempos-de-oscuridad-afirma-iglesia","status":"publish","type":"post","link":"https:\/\/encuentroinformativo.com.mx\/?p=8593","title":{"rendered":"Seguimos en tiempos de oscuridad, afirma Iglesia"},"content":{"rendered":"\n<p><strong>Redacci\u00f3n<\/strong><\/p>\n\n\n\n<p>Xalapa, Ver.- La iglesia cat\u00f3lica cuestion\u00f3 el mal manejo que las autoridades han brindado para la atenci\u00f3n de la pandemia a causa del Covid, por lo que reiter\u00f3 que se trata de \u201cuna noche oscura\u201d la etapa que la sociedad est\u00e1 viviendo.\u00a0<\/p>\n\n\n\n<p>A trav\u00e9s de un comunicado dominical, el vocero de la Arquidi\u00f3cesis el p\u00e1rroco Jos\u00e9 Manuel Suazo, se\u00f1al\u00f3 que aunado a la crisis de salud que se vive por la pandemia los \u00edndices de familias en pobreza siguen creciendo.&nbsp;<\/p>\n\n\n\n<p>\u201cEl momento presente que estamos viviendo es como el de una noche obscura; las sombras de la muerte nos acechan y nos sentimos como en un naufragio sin rumbo. M\u00e1s de 103 mil muertos por el mal manejo de la pandemia es una calamidad; el aumento de la pobreza se percibe por dondequiera. Vivimos momentos de incertidumbre; muchas familias est\u00e1n sufriendo por causa de la enfermedad, la violencia o la pobreza; la ruta que se est\u00e1 llevando s\u00f3lo aumenta la incertidumbre en la poblaci\u00f3n. Vivimos tiempos de obscuridad \u201d.<\/p>\n\n\n\n<p>Los resultados que se presumen en los discursos oficiales no se perciben en la cotidianeidad -afirm\u00f3- no hay indicadores de bienestar para la gente, y la deuda social sigue creciendo en asuntos de violencia, pobreza, educaci\u00f3n y salud; los pobres son cada vez m\u00e1s pobres y lo m\u00e1s grave es que se les hace dependientes de d\u00e1divas que no sabemos para cu\u00e1nto tiempo alcanzar\u00e1n.&nbsp;<\/p>\n\n\n\n<p>Ante ello el representante de la Iglesia cat\u00f3lica hizo un llamado para aprovechar el tiempo de adviento para la reflexi\u00f3n y la luz en los hogares, \u201clos que creemos en Dios no podemos nunca idolatrar las instituciones humanas por m\u00e1s promesas que nos hagan\u201d, enfatiz\u00f3.<\/p>\n","protected":false},"excerpt":{"rendered":"<p>Redacci\u00f3n Xalapa, Ver.- La iglesia cat\u00f3lica cuestion\u00f3 el mal manejo que las autoridades han brindado para la atenci\u00f3n de la pandemia a causa del Covid, por lo que reiter\u00f3 que se trata de \u201cuna noche oscura\u201d la etapa que la sociedad est\u00e1 viviendo.\u00a0 A trav\u00e9s de un comunicado dominical, el vocero de la Arquidi\u00f3cesis el [&hellip;]<\/p>\n","protected":false},"author":1,"featured_media":1109,"comment_status":"open","ping_status":"open","sticky":false,"template":"","format":"standard","meta":{"_jetpack_memberships_contains_paid_content":false,"footnotes":""},"categories":[3],"tags":[],"class_list":["post-8593","post","type-post","status-publish","format-standard","has-post-thumbnail","hentry","category-xalapa"],"jetpack_featured_media_url":"https:\/\/encuentroinformativo.com.mx\/wp-content\/uploads\/2020\/03\/7478ADB2-3E01-4D71-8134-47F10CB1F942.jpeg","jetpack_sharing_enabled":true,"jetpack_likes_enabled":true,"amp_enabled":true,"_links":{"self":[{"href":"https:\/\/encuentroinformativo.com.mx\/index.php?rest_route=\/wp\/v2\/posts\/8593","targetHints":{"allow":["GET"]}}],"collection":[{"href":"https:\/\/encuentroinformativo.com.mx\/index.php?rest_route=\/wp\/v2\/posts"}],"about":[{"href":"https:\/\/encuentroinformativo.com.mx\/index.php?rest_route=\/wp\/v2\/types\/post"}],"author":[{"embeddable":true,"href":"https:\/\/encuentroinformativo.com.mx\/index.php?rest_route=\/wp\/v2\/users\/1"}],"replies":[{"embeddable":true,"href":"https:\/\/encuentroinformativo.com.mx\/index.php?rest_route=%2Fwp%2Fv2%2Fcomments&post=8593"}],"version-history":[{"count":1,"href":"https:\/\/encuentroinformativo.com.mx\/index.php?rest_route=\/wp\/v2\/posts\/8593\/revisions"}],"predecessor-version":[{"id":8594,"href":"https:\/\/encuentroinformativo.com.mx\/index.php?rest_route=\/wp\/v2\/posts\/8593\/revisions\/8594"}],"wp:featuredmedia":[{"embeddable":true,"href":"https:\/\/encuentroinformativo.com.mx\/index.php?rest_route=\/wp\/v2\/media\/1109"}],"wp:attachment":[{"href":"https:\/\/encuentroinformativo.com.mx\/index.php?rest_route=%2Fwp%2Fv2%2Fmedia&parent=8593"}],"wp:term":[{"taxonomy":"category","embeddable":true,"href":"https:\/\/encuentroinformativo.com.mx\/index.php?rest_route=%2Fwp%2Fv2%2Fcategories&post=8593"},{"taxonomy":"post_tag","embeddable":true,"href":"https:\/\/encuentroinformativo.com.mx\/index.php?rest_route=%2Fwp%2Fv2%2Ftags&post=8593"}],"curies":[{"name":"wp","href":"https:\/\/api.w.org\/{rel}","templated":true}]}}