{"id":8605,"date":"2020-11-29T14:22:32","date_gmt":"2020-11-29T20:22:32","guid":{"rendered":"https:\/\/encuentroinformativo.com.mx\/?p=8605"},"modified":"2020-11-29T14:22:51","modified_gmt":"2020-11-29T20:22:51","slug":"disminuyen-hechos-delictivos-con-presencia-de-autodefensas","status":"publish","type":"post","link":"https:\/\/encuentroinformativo.com.mx\/?p=8605","title":{"rendered":"Disminuyen hechos delictivos con presencia de autodefensas"},"content":{"rendered":"\n<p><strong>Juan Arcos <\/strong><\/p>\n\n\n\n<p>Xalapa, Ver.- En el 23.5 por ciento del territorio veracruzano hay presencia de grupos autodefensas, cuyo l\u00edder era Jos\u00e9 Mireles Valverde, fundador de las autodefensas de Michoac\u00e1n, quien falleci\u00f3 el pasado 25 de noviembre a causa de SARS-COV-2 (COVID-19).<\/p>\n\n\n\n<p>De acuerdo con Francisco Carmona Cort\u00e9s, coordinador del Frente Nacional de Autodefensas en Xalapa, estos grupos est\u00e1n activos en 50 de los 212 municipios del estado de Veracruz, movimiento que ha crecido por cuestiones de inseguridad en las distintas regiones.<\/p>\n\n\n\n<p>\u201cTenemos un problema muy grave en Veracruz, son los feminicidios y homicidios dolosos. Y hemos estado creciendo como autodefensas, tenemos ya casi 50 municipios con representaci\u00f3n de autodefensas\u201d.<\/p>\n\n\n\n<p>A su juicio, en el puerto de Veracruz han crecido los grupos de autodefensas y estos han logrado disminuir la incidencia delictiva hasta en un 50 por ciento. Mientras que en la zona centro de la entidad, en la regi\u00f3n de las Altas Monta\u00f1as, han bajado los robos, asaltos y secuestros.<\/p>\n\n\n\n<p>Coment\u00f3 que dichos grupos tienen presencia en Veracruz desde que inici\u00f3 el movimiento de Mireles Valverde en el estado de Michoac\u00e1n.<\/p>\n\n\n\n<p>En ese sentido, lament\u00f3 el fallecimiento del Doctor Jos\u00e9 Manuel Mireles y asegur\u00f3 que, pese a su partida el movimiento nacional continuar\u00e1 su actividad, en busca de la paz social.<\/p>\n\n\n\n<p>A\u00f1adi\u00f3 que el l\u00edder de los autodefensas pidi\u00f3 seguir trabajando, para formar cuerpos de monitoreo para disminuir los \u00edndices delictivos en los municipios donde hay mayor violencia.<\/p>\n\n\n\n<p>\u201cNosotros estamos en la plena disposici\u00f3n de seguir trabajando porque esto es movimiento nacional, de hecho la lucha el Doctor la dej\u00f3 as\u00ed, si \u00e9l ca\u00eda nosotros tenemos que seguirle adelante, la encomienda es que tenemos que informar a la ciudadan\u00eda a que participe a que se autodefienda\u201d.<\/p>\n\n\n\n<p>Cabe mencionar que en la zona sur del estado, sobre todo en los municipios de Acayucan y Coatzacoalcos, es donde se han registrado m\u00e1s hechos delictivos por la presencia de bandas del crimen organizado.\u00a0<\/p>\n","protected":false},"excerpt":{"rendered":"<p>Juan Arcos Xalapa, Ver.- En el 23.5 por ciento del territorio veracruzano hay presencia de grupos autodefensas, cuyo l\u00edder era Jos\u00e9 Mireles Valverde, fundador de las autodefensas de Michoac\u00e1n, quien falleci\u00f3 el pasado 25 de noviembre a causa de SARS-COV-2 (COVID-19). De acuerdo con Francisco Carmona Cort\u00e9s, coordinador del Frente Nacional de Autodefensas en Xalapa, [&hellip;]<\/p>\n","protected":false},"author":1,"featured_media":8606,"comment_status":"open","ping_status":"open","sticky":false,"template":"","format":"standard","meta":{"_jetpack_memberships_contains_paid_content":false,"footnotes":""},"categories":[2],"tags":[],"class_list":["post-8605","post","type-post","status-publish","format-standard","has-post-thumbnail","hentry","category-estado"],"jetpack_featured_media_url":"https:\/\/encuentroinformativo.com.mx\/wp-content\/uploads\/2020\/11\/CC19DDA8-D9CF-401F-A5B1-6D20F84040AF.jpeg","jetpack_sharing_enabled":true,"jetpack_likes_enabled":true,"amp_enabled":true,"_links":{"self":[{"href":"https:\/\/encuentroinformativo.com.mx\/index.php?rest_route=\/wp\/v2\/posts\/8605","targetHints":{"allow":["GET"]}}],"collection":[{"href":"https:\/\/encuentroinformativo.com.mx\/index.php?rest_route=\/wp\/v2\/posts"}],"about":[{"href":"https:\/\/encuentroinformativo.com.mx\/index.php?rest_route=\/wp\/v2\/types\/post"}],"author":[{"embeddable":true,"href":"https:\/\/encuentroinformativo.com.mx\/index.php?rest_route=\/wp\/v2\/users\/1"}],"replies":[{"embeddable":true,"href":"https:\/\/encuentroinformativo.com.mx\/index.php?rest_route=%2Fwp%2Fv2%2Fcomments&post=8605"}],"version-history":[{"count":1,"href":"https:\/\/encuentroinformativo.com.mx\/index.php?rest_route=\/wp\/v2\/posts\/8605\/revisions"}],"predecessor-version":[{"id":8607,"href":"https:\/\/encuentroinformativo.com.mx\/index.php?rest_route=\/wp\/v2\/posts\/8605\/revisions\/8607"}],"wp:featuredmedia":[{"embeddable":true,"href":"https:\/\/encuentroinformativo.com.mx\/index.php?rest_route=\/wp\/v2\/media\/8606"}],"wp:attachment":[{"href":"https:\/\/encuentroinformativo.com.mx\/index.php?rest_route=%2Fwp%2Fv2%2Fmedia&parent=8605"}],"wp:term":[{"taxonomy":"category","embeddable":true,"href":"https:\/\/encuentroinformativo.com.mx\/index.php?rest_route=%2Fwp%2Fv2%2Fcategories&post=8605"},{"taxonomy":"post_tag","embeddable":true,"href":"https:\/\/encuentroinformativo.com.mx\/index.php?rest_route=%2Fwp%2Fv2%2Ftags&post=8605"}],"curies":[{"name":"wp","href":"https:\/\/api.w.org\/{rel}","templated":true}]}}