{"id":8613,"date":"2020-11-30T07:15:00","date_gmt":"2020-11-30T13:15:00","guid":{"rendered":"https:\/\/encuentroinformativo.com.mx\/?p=8613"},"modified":"2020-11-30T01:58:37","modified_gmt":"2020-11-30T07:58:37","slug":"sev-a-dos-anos","status":"publish","type":"post","link":"https:\/\/encuentroinformativo.com.mx\/?p=8613","title":{"rendered":"SEV, A DOS A\u00d1OS"},"content":{"rendered":"\n<p><strong>+ A Xico tambi\u00e9n le vale madre la pandemia.<\/strong><\/p>\n\n\n\n<p><strong>+ Secre de Seguridad P\u00fablica, sin amor a la camisa.<\/strong><\/p>\n\n\n\n<p><strong>+ 40 a\u00f1os de la Unidad Deportiva &#8220;Roberto Amoros&#8221;.<\/strong><\/p>\n\n\n\n<p><strong>El Vicencio se fue de babas anunciando nueva dirigente estatal y lo desmintieron&#8230; Pa&#8217; vato tan chismoso&#8230;<\/strong><\/p>\n\n\n\n<p><strong>&#8211;Chopenjawer<\/strong><\/p>\n\n\n\n<p>Ser\u00e1 este martes a las 10 de la ma\u00f1ana cuando se lleve a cabo la comparecencia del secretario de Educaci\u00f3n de Veracruz, Zenyazen Escobar Garc\u00eda, quien tiene a su cargo una de las dependencias m\u00e1s grandes y m\u00e1s complejas por el mont\u00f3n de intereses que existen al interior y fuera del magisterio y la burocracia.<\/p>\n\n\n\n<p>De lo que se sabe, es que su mensaje se basar\u00e1 principalmente en las acciones de infraestructura escolar a nivel estatal, de las cuales se contabilizan mil 202 entre construcci\u00f3n, rehabilitaci\u00f3n, mantenimiento y equipamiento en el estado de Veracruz para el actual ejercicio.<\/p>\n\n\n\n<p>De hecho, diariamente se puede ver en redes sociales del gobernador Cuitl\u00e1huac Garc\u00eda Jim\u00e9nez que le han dado mucha atenci\u00f3n al tema de construir escuelas en zonas rurales, que han sido literalmente abandonadas por a\u00f1os. Quiz\u00e1s lo anterior no pareciera representar un gran logro que se pueda capitalizar en votos, pero la tarea no deja de ser noble, ya que precisamente por darle prioridad a lo electoral por a\u00f1os, se abandonaron muchas escuelas en zonas marginadas del estado.<\/p>\n\n\n\n<p>Y ah\u00ed est\u00e1n las historias por a\u00f1os de ni\u00f1os que caminan a puntos distantes a escuelas que ni siquiera ten\u00edan las instalaciones adecuadas.<\/p>\n\n\n\n<p>Seg\u00fan datos, dichas acciones realizadas por la SEV se deriva de la asignaci\u00f3n del presupuesto de mil 391 millones 877 mil 630 pesos, provenientes de los Fondos de Aportaciones M\u00faltiples 2020, Remanentes y Potenciado, as\u00ed como de FONREGI\u00d3N.<\/p>\n\n\n\n<p>El propio secre Zenyazen Escobar Garc\u00eda ha reconocido que el reto de la falta de infraestructura es enorme, pero la voluntad de mejorar las escuelas es mayor, por ello, en el Instituto de Espacios Educativos del Estado de Veracruz no hubo descanso en los \u00faltimos meses, por un lado, para dinamizar las econom\u00edas locales y contrarrestar los efectos de la pandemia al mantener las fuentes de trabajo, y por otro, para que al regresar a clases presenciales, los estudiantes y docentes cuenten con instalaciones dignas.<\/p>\n\n\n\n<p>Pero no s\u00f3lo se trata de la construcci\u00f3n de edificios, sino tambi\u00e9n de protegerlos legalmente y darles certeza jur\u00eddica.&nbsp;<\/p>\n\n\n\n<p>Seg\u00fan cifras de la SEV, 326 planteles han obtenido sus escrituras y t\u00edtulos de propiedad; en el mismo sentido, se recopil\u00f3 informaci\u00f3n y documentaci\u00f3n de tres mil 164 inmuebles para su regularizaci\u00f3n.<\/p>\n\n\n\n<p>Tambi\u00e9n increment\u00f3 a 191 el n\u00famero de municipios que firmaron convenios con la SEV, a trav\u00e9s de la Direcci\u00f3n Jur\u00eddica, para facilitar la regularizaci\u00f3n de las escuelas, lo que tambi\u00e9n habla de una buena comunicaci\u00f3n entre el titular de la Secretar\u00eda y las autoridades municipales, mismas que se suscribieron al programa &#8220;Escuela Garantizada, Escritura Garante&#8221;.<\/p>\n\n\n\n<p>Cabe mencionar que hace dos a\u00f1os se detect\u00f3 que de los 24 mil 109 inmuebles que funcionan como centros educativos en el estado de Veracruz, 12 mil 598 escuelas no contaban con escrituras.<\/p>\n\n\n\n<p>Otro tema que, sin duda, ser\u00e1 muy importante en la comparecencia, ser\u00e1 la educaci\u00f3n en tiempos de pandemia.<\/p>\n\n\n\n<p>Y es que aunque a pesar de la pandemia se logr\u00f3 concluir de manera exitosa el ciclo escolar 2019 -2020 y comenz\u00f3 el 2020-2021, sin efectos considerables en la matr\u00edcula estudiantil, definitivamente este asunto del Coronavirus nos agarr\u00f3 mal parados a todos.<\/p>\n\n\n\n<p>Sobre este tenor, se sabe que el secre Zenyazen hablar\u00e1 de la manera en que se enlaz\u00f3 la estrategia nacional &#8220;Aprende en Casa&#8221; con la estatal &#8220;Veracruz Educando a Distancia&#8221; y se puso a disposici\u00f3n del pa\u00eds el programa &#8220;Matem\u00e1ticas para Todos&#8221;, que consiste en una serie de v\u00eddeos de docentes frente a grupo ense\u00f1ando y compartiendo contenidos de gran relevancia en la ense\u00f1anza de esta asignatura.<\/p>\n\n\n\n<p>En Educaci\u00f3n B\u00e1sica se crearon y distribuyeron 770 mil 550 cuadernillos de trabajo para reforzar los aprendizajes esperados de espa\u00f1ol y matem\u00e1ticas, se dise\u00f1aron y difundieron c\u00e1psulas educativas para ser transmitidas a trav\u00e9s de Radio y Televisi\u00f3n de Veracruz (RTV). En educaci\u00f3n media superior se imprimieron y enviaron 52 mil 219 gu\u00edas de aprendizaje.<\/p>\n\n\n\n<p>Estos &#8211;entre otros m\u00e1s&#8211; son los temas que Zenyazen Escobar Garc\u00eda expondr\u00e1 en su comparecencia en el Congreso del Estado. Sin duda, una de las que m\u00e1s tendr\u00e1 atenci\u00f3n de simpatizantes y detractores.<\/p>\n\n\n\n<p><strong>NOTA PARA PEGAR EN EL REFRI:<\/strong> Que all\u00e1 en Xico les vale madre eso de la pandemia, como se demostr\u00f3 la vez pasada cuando hicieron festejos en las calles para celebrar a Santa Mar\u00eda Magdalena&#8230; Ahora fue este domingo con la mentada villa iluminada, emulando al pueblo poblano de Atlixco, que congreg\u00f3 a cientos de personas. Luego al rato no se anden quejando de que los contagios por Covid19 se volvieron a disparar&#8230;<\/p>\n\n\n\n<p><strong>OTRA NOTA:<\/strong> Que entre la tropa de la Secretar\u00eda de Seguridad P\u00fablica llam\u00f3 la atenci\u00f3n el video que hicieron circular donde se ve al secre Hugo Guti\u00e9rrez dando un minidiscurso sobre su comparecencia de este lunes, pero al que no se le vio amor a la camiseta porque no portaba el uniforme, lo que no s\u00f3lo debe ser un mensaje no verbal para el exterior de la SSP, sino tambi\u00e9n para sus subordinados&#8230; Es m\u00e1s, dicen los malpensados que el video, mensaje y postura recuerdan los tiempos en que al capit\u00e1n Montano lo andaban promoviendo a la gubernatura&#8230; \u00bfSer\u00e1 que al norte\u00f1o ya le dieron ganas de aspirar a un cargo de elecci\u00f3n popular tambi\u00e9n?<\/p>\n\n\n\n<p><strong>LA \u00daLTIMA PORQUE HAY QUE MADRUGAR PARA LA RADIO:<\/strong> Este domingo se celebraron 40 a\u00f1os de la creaci\u00f3n de la Unidad Deportiva &#8220;Roberto Amoros Guiot&#8221;, en Coatepec, para lo cual se devel\u00f3 una placa conmemorativa. Cabe mencionar que dicho centro deportivo se encuentra a la altura de los mejores del pa\u00eds, con una pista de atletismo con 6 carriles de 400m de longitud con espacio para todas las pruebas, 3 campos de f\u00fatbol, canchas de basquetbol, voleibol y frontenis. Entre las personalidades presentes: Don Dionisio P\u00e9rez J\u00e1come, el senador suplente Ernesto P\u00e9rez Astorga y el administrador de dicho lugar, Jos\u00e9 Mart\u00edn Bl\u00e1squez Ojeda.<\/p>\n\n\n\n<p><strong>@pablojair<\/strong><\/p>\n","protected":false},"excerpt":{"rendered":"<p>+ A Xico tambi\u00e9n le vale madre la pandemia. + Secre de Seguridad P\u00fablica, sin amor a la camisa. + 40 a\u00f1os de la Unidad Deportiva &#8220;Roberto Amoros&#8221;. El Vicencio se fue de babas anunciando nueva dirigente estatal y lo desmintieron&#8230; Pa&#8217; vato tan chismoso&#8230; &#8211;Chopenjawer Ser\u00e1 este martes a las 10 de la ma\u00f1ana [&hellip;]<\/p>\n","protected":false},"author":1,"featured_media":488,"comment_status":"open","ping_status":"open","sticky":false,"template":"","format":"standard","meta":{"_jetpack_memberships_contains_paid_content":false,"footnotes":""},"categories":[11],"tags":[],"class_list":["post-8613","post","type-post","status-publish","format-standard","has-post-thumbnail","hentry","category-opinion"],"jetpack_featured_media_url":"https:\/\/encuentroinformativo.com.mx\/wp-content\/uploads\/2020\/03\/F471F608-BA1A-416B-BA7B-BCFB24F4E6D0.jpeg","jetpack_sharing_enabled":true,"jetpack_likes_enabled":true,"amp_enabled":true,"_links":{"self":[{"href":"https:\/\/encuentroinformativo.com.mx\/index.php?rest_route=\/wp\/v2\/posts\/8613","targetHints":{"allow":["GET"]}}],"collection":[{"href":"https:\/\/encuentroinformativo.com.mx\/index.php?rest_route=\/wp\/v2\/posts"}],"about":[{"href":"https:\/\/encuentroinformativo.com.mx\/index.php?rest_route=\/wp\/v2\/types\/post"}],"author":[{"embeddable":true,"href":"https:\/\/encuentroinformativo.com.mx\/index.php?rest_route=\/wp\/v2\/users\/1"}],"replies":[{"embeddable":true,"href":"https:\/\/encuentroinformativo.com.mx\/index.php?rest_route=%2Fwp%2Fv2%2Fcomments&post=8613"}],"version-history":[{"count":1,"href":"https:\/\/encuentroinformativo.com.mx\/index.php?rest_route=\/wp\/v2\/posts\/8613\/revisions"}],"predecessor-version":[{"id":8614,"href":"https:\/\/encuentroinformativo.com.mx\/index.php?rest_route=\/wp\/v2\/posts\/8613\/revisions\/8614"}],"wp:featuredmedia":[{"embeddable":true,"href":"https:\/\/encuentroinformativo.com.mx\/index.php?rest_route=\/wp\/v2\/media\/488"}],"wp:attachment":[{"href":"https:\/\/encuentroinformativo.com.mx\/index.php?rest_route=%2Fwp%2Fv2%2Fmedia&parent=8613"}],"wp:term":[{"taxonomy":"category","embeddable":true,"href":"https:\/\/encuentroinformativo.com.mx\/index.php?rest_route=%2Fwp%2Fv2%2Fcategories&post=8613"},{"taxonomy":"post_tag","embeddable":true,"href":"https:\/\/encuentroinformativo.com.mx\/index.php?rest_route=%2Fwp%2Fv2%2Ftags&post=8613"}],"curies":[{"name":"wp","href":"https:\/\/api.w.org\/{rel}","templated":true}]}}