{"id":8624,"date":"2020-11-30T10:55:01","date_gmt":"2020-11-30T16:55:01","guid":{"rendered":"https:\/\/encuentroinformativo.com.mx\/?p=8624"},"modified":"2020-11-30T10:55:05","modified_gmt":"2020-11-30T16:55:05","slug":"ruth-callejas-la-candidata","status":"publish","type":"post","link":"https:\/\/encuentroinformativo.com.mx\/?p=8624","title":{"rendered":"Ruth Callejas, la candidata"},"content":{"rendered":"\n<p><strong>N\u00fameros Rojos<\/strong><\/p>\n\n\n\n<p><strong>Brenda Caballero<\/strong><\/p>\n\n\n\n<p>Muy delgada y con la sonrisa que la caracteriza siempre, la veo entrar al caf\u00e9. Con esta nueva normalidad, titubeamos en el saludo&#8230; al final lo hacemos. \u201cYa me dieron de alta\u201d, me dice. No puede evitar la felicidad de haber vencido al Covid. Es Ruth Callejas Rold\u00e1n.<\/p>\n\n\n\n<p>No sabe exactamente c\u00f3mo contrajo el virus, aunque todo indica que fue una persona que fue a apoyarle en su casa. \u201cFue a principios de noviembre; me estaba recuperando de una cirug\u00eda que ten\u00eda pendiente cuando empec\u00e9 con s\u00edntomas\u201d. Ella y la se\u00f1ora que le ayuda se contagiaron. De inmediato se aisl\u00f3 en el segundo piso de su domicilio para evitar contagiar a sus hijos Santiago y Valentina, quienes al final, \u00fanicamente tuvieron una leve gripa. \u201cMe comunicaba con ellos por videollamada&#8230; fue muy dif\u00edcil\u201d.<\/p>\n\n\n\n<p>\u201cMi familia quer\u00eda ir a visitarme, estar conmigo. Mis amigos y conocidos me mandaban todo tipo de medicamentos y tratamientos&#8230; perd\u00ed el olor\u201d. Luego comprendieron que ten\u00eda que estar aislada. \u201cSiempre segu\u00ed las indicaciones del doctor, aunque s\u00ed me hice t\u00e9 de cebolla, y tom\u00e9 todo lo que pudiera ayudar a mi sistema inmunol\u00f3gico. Mi madre me mand\u00f3 hasta los tanques de ox\u00edgeno que us\u00f3 mi padre antes de morir\u201d.<\/p>\n\n\n\n<p>Le digo que la veo bastante recuperada, \u00a1Y c\u00f3mo no! si en plena enfermedad la invitan a ser candidata a diputada local. &#8220;Seguramente la noticia hizo que te recuperaras m\u00e1s r\u00e1pido, te subi\u00f3 las defensas&#8221;, le digo. &#8220;\u00a1Desde luego!&#8221;, responde feliz.<\/p>\n\n\n\n<p>No puedo evitar el recuento de los partidos a nivel estatal y federal, \u00bfPRI, PAN, PRD\u2026? al final le pregunto si va por Redes Sociales Progresistas, pues actualmente desempe\u00f1a un cargo en el Comit\u00e9 Ejecutivo Nacional del SNTE.&nbsp;<\/p>\n\n\n\n<p>\u2013No, es Movimiento Ciudadano, quien ir\u00e1 solo, sin alianzas. Mi ideolog\u00eda siempre ha sido hacia la izquierda\u2013 responde.<\/p>\n\n\n\n<p>\u201cMuchos no lo saben, pero conozco a Dante Delgado Rannauro desde que era ni\u00f1a. Como mi mam\u00e1 trabajaba, muchas veces me pasaba a dejar a Casa Veracruz con Teresita. En la noche pasaba a recogerme. Incluso, cuando estuvo preso, yo ped\u00ed a mi madre me llevara a verlo. \u00bfC\u00f3mo hacer que le permitieran el acceso a una ni\u00f1a de 7 a\u00f1os? No lo s\u00e9, pero lo pude ver\u201d.<\/p>\n\n\n\n<p>Hay otras cosas que no saben de Ruth, como el apodo de \u201cLa Madrastra\u201d, o que se fue a vivir un tiempo a Estados Unidos con su hermano Pedro. Como el dinero no alcanzaba, &#8220;trabaj\u00e9 cuidando ni\u00f1os, paseando perros y hasta de payaso\u201d&#8230;<\/p>\n\n\n\n<p>\u2013\u00bfDe payaso?\u2013 Le cuestiono.<\/p>\n\n\n\n<p>\u2013S\u00ed, \u00a1una vez me gan\u00e9 200 d\u00f3lares! \u00a1pagaban bien! \u00a1Mira! me volv\u00ed a poner el traje hace poco\u2013 me dice, mientras me ense\u00f1a una foto en su celular&#8230; est\u00e1 con sus dos hijos. &#8220;\u00bfTe los llevar\u00e1s a la campa\u00f1a?&#8221;, le pregunto. \u201c\u00a1Claro!, mis hijos como la nariz, \u00a1por delante!&#8221;<\/p>\n\n\n\n<p>De repente le cambia la cara, frunce el ce\u00f1o&#8230; \u201cMe acaba de llegar una notificaci\u00f3n de n\u00f3mina del ejercicio 2019 de la SEV, \u00a1Qu\u00e9 raro! \u00a1tengo licencia sin goce de sueldo desde hace dos a\u00f1os! Tendr\u00e9 que ir a preguntar\u201d.<\/p>\n\n\n\n<p>\u00bfPor qu\u00e9 el apodo de la madrastra? Su cara vuelve a la normalidad y r\u00ede: \u201cDicen que rega\u00f1o a todo el mundo&#8230; mi pap\u00e1 (Juan Nicol\u00e1s Callejas Arroyo) me dec\u00eda as\u00ed&#8230; \u00a1que parec\u00eda la madrastra de todos!&#8221;<\/p>\n\n\n\n<p>Coincide con Dante Delgado Rannauro en garantizar el derecho a decidir una muerte digna. \u201cQuiero un Veracruz mejor. Es necesario que las mujeres no seamos posici\u00f3n \u00fanicamente en municipios o distritos perdedores. Veo el Congreso y no hay ning\u00fan diputado o diputada que interceda y represente a los maestros\u201d.<\/p>\n\n\n\n<p>Ruth piensa que es necesario un frente de mujeres sin colores ni siglas, pues las que actualmente est\u00e1n en puestos de elecci\u00f3n popular responden \u00fanicamente a sus intereses y no a las de sus representados.<\/p>\n\n\n\n<p>Nos despedimos&#8230; hay camino que recorrer. Tiene en claro que las otras veces a ella le toc\u00f3 hacer ganar a los dem\u00e1s. Hoy, las circunstancias la ponen del otro lado.<\/p>\n\n\n\n<p>@NumerosRojos_BC<\/p>\n\n\n\n<p><a href=\"mailto:caballero_brenda@hotmail.com\" target=\"_blank\" rel=\"noreferrer noopener\">caballero_brenda@hotmail.com<\/a><\/p>\n","protected":false},"excerpt":{"rendered":"<p>N\u00fameros Rojos Brenda Caballero Muy delgada y con la sonrisa que la caracteriza siempre, la veo entrar al caf\u00e9. Con esta nueva normalidad, titubeamos en el saludo&#8230; al final lo hacemos. \u201cYa me dieron de alta\u201d, me dice. No puede evitar la felicidad de haber vencido al Covid. Es Ruth Callejas Rold\u00e1n. No sabe exactamente [&hellip;]<\/p>\n","protected":false},"author":1,"featured_media":387,"comment_status":"open","ping_status":"open","sticky":false,"template":"","format":"standard","meta":{"_jetpack_memberships_contains_paid_content":false,"footnotes":""},"categories":[11],"tags":[],"class_list":["post-8624","post","type-post","status-publish","format-standard","has-post-thumbnail","hentry","category-opinion"],"jetpack_featured_media_url":"https:\/\/encuentroinformativo.com.mx\/wp-content\/uploads\/2020\/03\/7CF8A22B-2764-47BE-8F7F-38FE9E5D6A2F.jpeg","jetpack_sharing_enabled":true,"jetpack_likes_enabled":true,"amp_enabled":true,"_links":{"self":[{"href":"https:\/\/encuentroinformativo.com.mx\/index.php?rest_route=\/wp\/v2\/posts\/8624","targetHints":{"allow":["GET"]}}],"collection":[{"href":"https:\/\/encuentroinformativo.com.mx\/index.php?rest_route=\/wp\/v2\/posts"}],"about":[{"href":"https:\/\/encuentroinformativo.com.mx\/index.php?rest_route=\/wp\/v2\/types\/post"}],"author":[{"embeddable":true,"href":"https:\/\/encuentroinformativo.com.mx\/index.php?rest_route=\/wp\/v2\/users\/1"}],"replies":[{"embeddable":true,"href":"https:\/\/encuentroinformativo.com.mx\/index.php?rest_route=%2Fwp%2Fv2%2Fcomments&post=8624"}],"version-history":[{"count":1,"href":"https:\/\/encuentroinformativo.com.mx\/index.php?rest_route=\/wp\/v2\/posts\/8624\/revisions"}],"predecessor-version":[{"id":8625,"href":"https:\/\/encuentroinformativo.com.mx\/index.php?rest_route=\/wp\/v2\/posts\/8624\/revisions\/8625"}],"wp:featuredmedia":[{"embeddable":true,"href":"https:\/\/encuentroinformativo.com.mx\/index.php?rest_route=\/wp\/v2\/media\/387"}],"wp:attachment":[{"href":"https:\/\/encuentroinformativo.com.mx\/index.php?rest_route=%2Fwp%2Fv2%2Fmedia&parent=8624"}],"wp:term":[{"taxonomy":"category","embeddable":true,"href":"https:\/\/encuentroinformativo.com.mx\/index.php?rest_route=%2Fwp%2Fv2%2Fcategories&post=8624"},{"taxonomy":"post_tag","embeddable":true,"href":"https:\/\/encuentroinformativo.com.mx\/index.php?rest_route=%2Fwp%2Fv2%2Ftags&post=8624"}],"curies":[{"name":"wp","href":"https:\/\/api.w.org\/{rel}","templated":true}]}}