{"id":8626,"date":"2020-11-30T10:59:01","date_gmt":"2020-11-30T16:59:01","guid":{"rendered":"https:\/\/encuentroinformativo.com.mx\/?p=8626"},"modified":"2020-11-30T10:59:04","modified_gmt":"2020-11-30T16:59:04","slug":"candidatos-no-lastres","status":"publish","type":"post","link":"https:\/\/encuentroinformativo.com.mx\/?p=8626","title":{"rendered":"Candidatos, no lastres"},"content":{"rendered":"\n<p><strong>Los Pol\u00edticos<\/strong><\/p>\n\n\n\n<p><strong>Salvador Mu\u00f1oz<\/strong><\/p>\n\n\n\n<p>En 2018 se le llam\u00f3 \u201cefecto AMLO\u201d. Durante su campa\u00f1a, L\u00f3pez Obrador inst\u00f3 una y otra vez el \u201cvoto parejo\u201d, es decir, que el elector votara por el partido que \u00e9l representaba, sin meditar a los candidatos. El lector tendr\u00e1 su propia opini\u00f3n de cu\u00e1l fue el resultado que un alto n\u00famero de ciudadanos no s\u00f3lo le diera la mayor\u00eda en el Poder Legislativo, sino que brind\u00f3 oportunidad para que llegara tambi\u00e9n un inusual n\u00famero de personajes \u201csui generis\u201d a los esca\u00f1os y curules, tanto en el altiplano como en el espacio local.<\/p>\n\n\n\n<p>Para este 2021, AMLO ya no estar\u00e1 en las boletas, y se supone que tampoco podr\u00e1 \u201csugerir\u201d otro \u201cVoto Parejo\u201d en aras de mantener el Poder sobre el Poder Legislativo, pero ello no significa que la oposici\u00f3n tenga la elecci\u00f3n en la bolsa\u2026 basta recordar que cuando el viejo PRI tuvo el Poder Absoluto en la mano, por muy encabronada que estuviera la gente, por muy molesta que estuviera la clase media, por muy jodidos que se tuviera a los mexicanos, el PRI ganaba\u2026 s\u00ed, es un ejemplo muy viejo de cuando se amarraba a los perros con longaniza, pero no me van a decir que tenemos un Presidente \u201cmoderno\u201d cuando en sus discursos y pol\u00edticas a veces nos provocan D\u00e9j\u00e0 vu que nos transporta al echeverriato.<\/p>\n\n\n\n<p>En estas pr\u00f3ximas elecciones, la Oposici\u00f3n no debe caer en el \u201cEfecto AMLO\u201d, es decir, que en su pugna por quitarle el Poder al Ejecutivo en el Poder Legislativo, llame a que se vote por sus siglas sin que tomemos en cuenta qui\u00e9nes sean sus candidatos.<\/p>\n\n\n\n<p>Si bien, es seguro que los partidos que han de participar este 2021 est\u00e1n obligados a llevar sus mejores cartas, incluso, hasta Morena, ha de ser dif\u00edcil para todos mezclar experiencia con popularidad.<\/p>\n\n\n\n<p>Y ojo, porque hasta el momento, s\u00f3lo se habla, al menos ac\u00e1 en la aldea de Veracruz, de candidatos a las alcald\u00edas, a las presidencias municipales, y poco ruido hacen o ni se notan quienes pretenden curules, sean locales o federales\u2026 aunque debe haberlos.<\/p>\n\n\n\n<p>Es seguro que uno conozca a aquel ciudadano o pol\u00edtico que ya lleva recorrido su distrito en la segunda vuelta o m\u00e1s, haciendo lo que todo aspirante hace: enamorar al potencial electorado, sea llevando despensas, apoyando al vecino, ayudando con el dispensario m\u00e9dico, que con cubrebocas, que con la esterilizaci\u00f3n de las mascotas\u2026 \u00a1vamos! si no le alcanza el recurso, pero quiere o sue\u00f1a con verse en una curul, pues m\u00ednimo, se arrima a los que considere los m\u00e1s fuertes contendientes del partido, para que tambi\u00e9n lo vean\u2026<\/p>\n\n\n\n<p>La idea es que si la oposici\u00f3n quiere ganar en las urnas, debe llevar no s\u00f3lo experiencia sino tambi\u00e9n popularidad en sus candidatos\u2026 \u00a1vamos! tengo la certeza de que al electorado poco le importa el curriculum, los palmar\u00e9s acad\u00e9micos, el conocimiento administrativo, y es m\u00e1s f\u00e1cil que reaccione a sus filias y fobias, que a un voto razonado por el bien de su municipio, de su estado o su pa\u00eds.<br>Y cr\u00e9anlo que si Morena no sigue en su sue\u00f1o del \u201cEfecto AMLO\u201d, ha de dejar la t\u00f3mbola para buscar m\u00ednimo, personajes populares, que pueden ir desde deportistas o ex deportistas, a actores, que les lleven votos y aseguren cargos; buscar lo m\u00e1ximo ser\u00e1 en personajes que sean l\u00edderes locales o regionales, alguno que otro empresario\u2026<\/p>\n\n\n\n<p>Se trata pues, ya sea para la Oposici\u00f3n o para Morena, que un candidato le sume a los otros candidatos y viceversa, y que ninguno sea lastre que tenga que arrastrar el que vaya por la presidencia municipal, por citar un ejemplo\u2026 el Efecto AMLO ya lo pagamos caro en muchas figuras que en la mayor parte de los casos, s\u00f3lo funcionan como levantadedos, \u00a1ojo! porque \u00e9stos no nacieron con Morena\u2026 se cr\u00edan en cada Gobierno en el poder.<\/p>\n\n\n\n<p><a href=\"mailto:smcainito@gmail.com\" target=\"_blank\" rel=\"noreferrer noopener\">smcainito@gmail.com<\/a><\/p>\n","protected":false},"excerpt":{"rendered":"<p>Los Pol\u00edticos Salvador Mu\u00f1oz En 2018 se le llam\u00f3 \u201cefecto AMLO\u201d. Durante su campa\u00f1a, L\u00f3pez Obrador inst\u00f3 una y otra vez el \u201cvoto parejo\u201d, es decir, que el elector votara por el partido que \u00e9l representaba, sin meditar a los candidatos. El lector tendr\u00e1 su propia opini\u00f3n de cu\u00e1l fue el resultado que un alto [&hellip;]<\/p>\n","protected":false},"author":1,"featured_media":387,"comment_status":"open","ping_status":"open","sticky":false,"template":"","format":"standard","meta":{"_jetpack_memberships_contains_paid_content":false,"footnotes":""},"categories":[11],"tags":[],"class_list":["post-8626","post","type-post","status-publish","format-standard","has-post-thumbnail","hentry","category-opinion"],"jetpack_featured_media_url":"https:\/\/encuentroinformativo.com.mx\/wp-content\/uploads\/2020\/03\/7CF8A22B-2764-47BE-8F7F-38FE9E5D6A2F.jpeg","jetpack_sharing_enabled":true,"jetpack_likes_enabled":true,"amp_enabled":true,"_links":{"self":[{"href":"https:\/\/encuentroinformativo.com.mx\/index.php?rest_route=\/wp\/v2\/posts\/8626","targetHints":{"allow":["GET"]}}],"collection":[{"href":"https:\/\/encuentroinformativo.com.mx\/index.php?rest_route=\/wp\/v2\/posts"}],"about":[{"href":"https:\/\/encuentroinformativo.com.mx\/index.php?rest_route=\/wp\/v2\/types\/post"}],"author":[{"embeddable":true,"href":"https:\/\/encuentroinformativo.com.mx\/index.php?rest_route=\/wp\/v2\/users\/1"}],"replies":[{"embeddable":true,"href":"https:\/\/encuentroinformativo.com.mx\/index.php?rest_route=%2Fwp%2Fv2%2Fcomments&post=8626"}],"version-history":[{"count":1,"href":"https:\/\/encuentroinformativo.com.mx\/index.php?rest_route=\/wp\/v2\/posts\/8626\/revisions"}],"predecessor-version":[{"id":8627,"href":"https:\/\/encuentroinformativo.com.mx\/index.php?rest_route=\/wp\/v2\/posts\/8626\/revisions\/8627"}],"wp:featuredmedia":[{"embeddable":true,"href":"https:\/\/encuentroinformativo.com.mx\/index.php?rest_route=\/wp\/v2\/media\/387"}],"wp:attachment":[{"href":"https:\/\/encuentroinformativo.com.mx\/index.php?rest_route=%2Fwp%2Fv2%2Fmedia&parent=8626"}],"wp:term":[{"taxonomy":"category","embeddable":true,"href":"https:\/\/encuentroinformativo.com.mx\/index.php?rest_route=%2Fwp%2Fv2%2Fcategories&post=8626"},{"taxonomy":"post_tag","embeddable":true,"href":"https:\/\/encuentroinformativo.com.mx\/index.php?rest_route=%2Fwp%2Fv2%2Ftags&post=8626"}],"curies":[{"name":"wp","href":"https:\/\/api.w.org\/{rel}","templated":true}]}}