{"id":8628,"date":"2020-11-30T11:36:15","date_gmt":"2020-11-30T17:36:15","guid":{"rendered":"https:\/\/encuentroinformativo.com.mx\/?p=8628"},"modified":"2020-11-30T11:36:17","modified_gmt":"2020-11-30T17:36:17","slug":"quejas-contra-grupo-mas-deben-ser-ante-profeco-senala-alcalde","status":"publish","type":"post","link":"https:\/\/encuentroinformativo.com.mx\/?p=8628","title":{"rendered":"Quejas contra Grupo MAS deben ser ante PROFECO, se\u00f1ala alcalde"},"content":{"rendered":"\n<p><strong>Alejandro \u00c1vila<\/strong><br><strong>Foto: <\/strong>V\u00edctor Ya\u00f1ez<\/p>\n\n\n\n<p>Veracruz, Ver.- Las quejas de la ciudadan\u00eda tiene en contra de cualquier empresa privada, deben de ser denunciadas ante la Procuradur\u00eda Federal del Consumidor (PROFECO), pues es la instancia adecuada para darle soluci\u00f3n a sus problemas, aclar\u00f3 el alcalde de Veracruz, Fernando Yunes M\u00e1rquez.<\/p>\n\n\n\n<p>Este lunes por la ma\u00f1ana, integrantes del Movimiento Civil se manifestaron y encadenaron a las puertas del Palacio Municipal de Veracruz, lanzando injurias en contra de la empresa privada, Grupo MAS, quien administra y distribuye el servicio de agua potable en la ciudad de Veracruz.<\/p>\n\n\n\n<p>Los quejosos se\u00f1alaron que el servicio de agua es de mala calidad, no cuenta con las normas de sanidad adecuadas, mientras que el pago que hace de manera mensual es muy elevado; aunado a ello, no han cumplido con la infraestructura hidr\u00e1ulica que prometieron mejorar en la ciudad desde hace 4 a\u00f1os.<br>\u201cPROFECO (\u2026) es un servicio que ellos pagan, es como si tienes un problema con CFE tienes que ir a PROFECO, o cualquier otro servicio p\u00fablico que se d\u00e9, si fuera algo que hace directamente el Ayuntamiento, pues s\u00ed el Ayuntamiento sin duda alguna puede intervenir, pero la PROFECO es la instancia para que la gente vaya, se queje y la PROFECO generalmente da un buen servicio y buena protecci\u00f3n a los ciudadanos\u201d, remat\u00f3.<\/p>\n\n\n\n<p>En ese sentido, enfatiz\u00f3 que si bien reconoce existen muchas quejas de la ciudadan\u00eda, las cuales son v\u00e1lidas, uno de sus l\u00edderes, apodado la \u201cLa Pulga\u201d, es una persona rijosa que se gana la vida creando manifestaciones para obtener un beneficio econ\u00f3mico personal de parte de los gobiernos que buscan callarlo.<\/p>\n\n\n\n<p>\u201cLa persona que los dirige es alguien que se ha rentado para esto desde hace muchos a\u00f1os, lo rent\u00f3 Duarte, lo rent\u00f3 Fidel Herrera, despu\u00e9s lo rentaron otros, y bueno\u2026ahora lo rentaron los nuevos inquilinos del Palacio de Gobierno en Xalapa, y pues se dedica a este tipo de cosas, nosotros somos respetuosos de todo tipo de manifestaci\u00f3n, ah\u00ed est\u00e1n, si ellos desean encadenarse amarrarse, pues bueno, es su derecho, pero la verdad es que no le damos m\u00e1s atenci\u00f3n de la que tiene a una persona que vive de eso\u201d, remat\u00f3.<\/p>\n","protected":false},"excerpt":{"rendered":"<p>Alejandro \u00c1vilaFoto: V\u00edctor Ya\u00f1ez Veracruz, Ver.- Las quejas de la ciudadan\u00eda tiene en contra de cualquier empresa privada, deben de ser denunciadas ante la Procuradur\u00eda Federal del Consumidor (PROFECO), pues es la instancia adecuada para darle soluci\u00f3n a sus problemas, aclar\u00f3 el alcalde de Veracruz, Fernando Yunes M\u00e1rquez. Este lunes por la ma\u00f1ana, integrantes del [&hellip;]<\/p>\n","protected":false},"author":1,"featured_media":8629,"comment_status":"open","ping_status":"open","sticky":false,"template":"","format":"standard","meta":{"_jetpack_memberships_contains_paid_content":false,"footnotes":""},"categories":[2],"tags":[],"class_list":["post-8628","post","type-post","status-publish","format-standard","has-post-thumbnail","hentry","category-estado"],"jetpack_featured_media_url":"https:\/\/encuentroinformativo.com.mx\/wp-content\/uploads\/2020\/11\/5A331B1B-9823-466D-BEAD-D132AF0ABF5A.jpeg","jetpack_sharing_enabled":true,"jetpack_likes_enabled":true,"amp_enabled":true,"_links":{"self":[{"href":"https:\/\/encuentroinformativo.com.mx\/index.php?rest_route=\/wp\/v2\/posts\/8628","targetHints":{"allow":["GET"]}}],"collection":[{"href":"https:\/\/encuentroinformativo.com.mx\/index.php?rest_route=\/wp\/v2\/posts"}],"about":[{"href":"https:\/\/encuentroinformativo.com.mx\/index.php?rest_route=\/wp\/v2\/types\/post"}],"author":[{"embeddable":true,"href":"https:\/\/encuentroinformativo.com.mx\/index.php?rest_route=\/wp\/v2\/users\/1"}],"replies":[{"embeddable":true,"href":"https:\/\/encuentroinformativo.com.mx\/index.php?rest_route=%2Fwp%2Fv2%2Fcomments&post=8628"}],"version-history":[{"count":1,"href":"https:\/\/encuentroinformativo.com.mx\/index.php?rest_route=\/wp\/v2\/posts\/8628\/revisions"}],"predecessor-version":[{"id":8630,"href":"https:\/\/encuentroinformativo.com.mx\/index.php?rest_route=\/wp\/v2\/posts\/8628\/revisions\/8630"}],"wp:featuredmedia":[{"embeddable":true,"href":"https:\/\/encuentroinformativo.com.mx\/index.php?rest_route=\/wp\/v2\/media\/8629"}],"wp:attachment":[{"href":"https:\/\/encuentroinformativo.com.mx\/index.php?rest_route=%2Fwp%2Fv2%2Fmedia&parent=8628"}],"wp:term":[{"taxonomy":"category","embeddable":true,"href":"https:\/\/encuentroinformativo.com.mx\/index.php?rest_route=%2Fwp%2Fv2%2Fcategories&post=8628"},{"taxonomy":"post_tag","embeddable":true,"href":"https:\/\/encuentroinformativo.com.mx\/index.php?rest_route=%2Fwp%2Fv2%2Ftags&post=8628"}],"curies":[{"name":"wp","href":"https:\/\/api.w.org\/{rel}","templated":true}]}}