{"id":8631,"date":"2020-11-30T12:01:13","date_gmt":"2020-11-30T18:01:13","guid":{"rendered":"https:\/\/encuentroinformativo.com.mx\/?p=8631"},"modified":"2020-11-30T12:01:16","modified_gmt":"2020-11-30T18:01:16","slug":"no-solapamos-uso-excesivo-de-la-fuerza-segun-ssp","status":"publish","type":"post","link":"https:\/\/encuentroinformativo.com.mx\/?p=8631","title":{"rendered":"No solapamos uso excesivo de la fuerza, seg\u00fan SSP"},"content":{"rendered":"\n<p><strong>Redacci\u00f3n<\/strong><\/p>\n\n\n\n<p>Xalapa, Ver. \u2013 El titular de la Secretar\u00eda de Seguridad P\u00fablica (SSP) Hugo Guti\u00e9rrez Maldonado afirm\u00f3 que al interior de la dependencia a su cargo no se justifica el uso excesivo de la fuerza.&nbsp;<\/p>\n\n\n\n<p>Durante su comparecencia ante diputados locales, el funcionario estatal fue cuestionado sobre los decesos que se han presentado de personas detenidas al interior del cuartel de San Jos\u00e9, por lo que afirm\u00f3 que est\u00e1n cooperando con las investigaciones que realiza la Fiscal\u00eda General del Estado para sancionar a los responsables.&nbsp;<\/p>\n\n\n\n<p>En ese sentido precis\u00f3: \u201cNosotros no vamos a solapar ninguna situaci\u00f3n de este tipo, ning\u00fan exceso de la fuerza, ellos est\u00e1n debidamente capacitados para saber cu\u00e1ndo hay exceso de la fuerza, en este caso hemos cooperado con la Fiscal\u00eda para darles toda la informaci\u00f3n que se nos ha solicitado, tambi\u00e9n a su vez tenemos una carpeta de investigaci\u00f3n en Asuntos Internos donde estamos investigando este tipo de hechos que se dan\u201d.<\/p>\n\n\n\n<p>Somos funcionarios p\u00fablicos, dijo, y estamos expuestos a este tipo de acusaciones, que de resultar positivas nosotros mismos entregaremos a los elementos. Ahorita hemos estado con la Fiscal\u00eda dando toda la informaci\u00f3n que nos han pedido y haciendo las investigaciones.<\/p>\n\n\n\n<p><strong>Polic\u00edas Municipales&nbsp;<\/strong><\/p>\n\n\n\n<p>En otro orden de ideas, el secretario de despacho hizo un llamado a los alcaldes para que se preocupen por capacitar y ampliar la plantilla laboral de sus propios polic\u00edas municipales.<\/p>\n\n\n\n<p>Y es que consider\u00f3 que mientras las administraciones municipales no se preocupen por mantener la capacitaci\u00f3n de los elementos ser\u00e1 complicado conformar la polic\u00eda de proximidad como es requerida.&nbsp;<\/p>\n\n\n\n<p>&#8220;La polic\u00eda de proximidad siempre ser\u00e1 una polic\u00eda municipal\u2026 mientras los alcaldes no quieran invertir en su propia polic\u00eda va ser dif\u00edcil de integrar la polic\u00eda de proximidad en Veracruz. Un llamado a todos los alcaldes que se pongan a hacer m\u00e1s grande su polic\u00eda que la capaciten\u201d.&nbsp;<\/p>\n\n\n\n<p>Guti\u00e9rrez Maldonado afirm\u00f3 que se requieren alianzas entre \u201cgobierno y ciudadanos\u201d.<\/p>\n","protected":false},"excerpt":{"rendered":"<p>Redacci\u00f3n Xalapa, Ver. \u2013 El titular de la Secretar\u00eda de Seguridad P\u00fablica (SSP) Hugo Guti\u00e9rrez Maldonado afirm\u00f3 que al interior de la dependencia a su cargo no se justifica el uso excesivo de la fuerza.&nbsp; Durante su comparecencia ante diputados locales, el funcionario estatal fue cuestionado sobre los decesos que se han presentado de personas [&hellip;]<\/p>\n","protected":false},"author":1,"featured_media":8632,"comment_status":"open","ping_status":"open","sticky":false,"template":"","format":"standard","meta":{"_jetpack_memberships_contains_paid_content":false,"footnotes":""},"categories":[2],"tags":[],"class_list":["post-8631","post","type-post","status-publish","format-standard","has-post-thumbnail","hentry","category-estado"],"jetpack_featured_media_url":"https:\/\/encuentroinformativo.com.mx\/wp-content\/uploads\/2020\/11\/4F58DAF6-BA2E-494C-AF67-1461FF48A3CA.jpeg","jetpack_sharing_enabled":true,"jetpack_likes_enabled":true,"amp_enabled":true,"_links":{"self":[{"href":"https:\/\/encuentroinformativo.com.mx\/index.php?rest_route=\/wp\/v2\/posts\/8631","targetHints":{"allow":["GET"]}}],"collection":[{"href":"https:\/\/encuentroinformativo.com.mx\/index.php?rest_route=\/wp\/v2\/posts"}],"about":[{"href":"https:\/\/encuentroinformativo.com.mx\/index.php?rest_route=\/wp\/v2\/types\/post"}],"author":[{"embeddable":true,"href":"https:\/\/encuentroinformativo.com.mx\/index.php?rest_route=\/wp\/v2\/users\/1"}],"replies":[{"embeddable":true,"href":"https:\/\/encuentroinformativo.com.mx\/index.php?rest_route=%2Fwp%2Fv2%2Fcomments&post=8631"}],"version-history":[{"count":1,"href":"https:\/\/encuentroinformativo.com.mx\/index.php?rest_route=\/wp\/v2\/posts\/8631\/revisions"}],"predecessor-version":[{"id":8633,"href":"https:\/\/encuentroinformativo.com.mx\/index.php?rest_route=\/wp\/v2\/posts\/8631\/revisions\/8633"}],"wp:featuredmedia":[{"embeddable":true,"href":"https:\/\/encuentroinformativo.com.mx\/index.php?rest_route=\/wp\/v2\/media\/8632"}],"wp:attachment":[{"href":"https:\/\/encuentroinformativo.com.mx\/index.php?rest_route=%2Fwp%2Fv2%2Fmedia&parent=8631"}],"wp:term":[{"taxonomy":"category","embeddable":true,"href":"https:\/\/encuentroinformativo.com.mx\/index.php?rest_route=%2Fwp%2Fv2%2Fcategories&post=8631"},{"taxonomy":"post_tag","embeddable":true,"href":"https:\/\/encuentroinformativo.com.mx\/index.php?rest_route=%2Fwp%2Fv2%2Ftags&post=8631"}],"curies":[{"name":"wp","href":"https:\/\/api.w.org\/{rel}","templated":true}]}}