{"id":8647,"date":"2020-11-30T15:23:09","date_gmt":"2020-11-30T21:23:09","guid":{"rendered":"https:\/\/encuentroinformativo.com.mx\/?p=8647"},"modified":"2020-11-30T15:23:33","modified_gmt":"2020-11-30T21:23:33","slug":"cierran-carretera-coatzacoalcos-minatitlan","status":"publish","type":"post","link":"https:\/\/encuentroinformativo.com.mx\/?p=8647","title":{"rendered":"Cierran carretera Coatzacoalcos &#8211; Minatitl\u00e1n"},"content":{"rendered":"\n<p>Xalapa, Ver.- La Secretar\u00eda de Protecci\u00f3n Civil dio a conocer que debido a los fuertes vientos que se registran a consecuencia del Frente Fr\u00edo 17 se cerr\u00f3 a la circulaci\u00f3n la carretera Coatzacoalcos-Minatitl\u00e1n. <\/p>\n\n\n\n<p>Las autoridades estatales precisaron que a las 14:30 horas \u201clas fuerzas de tarea han cerrado a la circulaci\u00f3n el tramo Las Matas de la carretera Minatitl\u00e1n &#8211; Coatzacoalcos debido a afectaciones en torres de energ\u00eda el\u00e9ctrica que son atendidas por elementos de la Comisi\u00f3n Federal de Electricidad\u201d.<\/p>\n\n\n\n<p>Ante ello la ruta que funciona como v\u00eda alterna es la carretera Minatitl\u00e1n &#8211; Coatzacoalcos tramo Canticas.<\/p>\n","protected":false},"excerpt":{"rendered":"<p>Xalapa, Ver.- La Secretar\u00eda de Protecci\u00f3n Civil dio a conocer que debido a los fuertes vientos que se registran a consecuencia del Frente Fr\u00edo 17 se cerr\u00f3 a la circulaci\u00f3n la carretera Coatzacoalcos-Minatitl\u00e1n. Las autoridades estatales precisaron que a las 14:30 horas \u201clas fuerzas de tarea han cerrado a la circulaci\u00f3n el tramo Las Matas [&hellip;]<\/p>\n","protected":false},"author":1,"featured_media":8648,"comment_status":"open","ping_status":"open","sticky":false,"template":"","format":"standard","meta":{"_jetpack_memberships_contains_paid_content":false,"footnotes":""},"categories":[2],"tags":[],"class_list":["post-8647","post","type-post","status-publish","format-standard","has-post-thumbnail","hentry","category-estado"],"jetpack_featured_media_url":"https:\/\/encuentroinformativo.com.mx\/wp-content\/uploads\/2020\/11\/79D244AD-A554-415A-96CA-265986BF1D46.jpeg","jetpack_sharing_enabled":true,"jetpack_likes_enabled":true,"amp_enabled":true,"_links":{"self":[{"href":"https:\/\/encuentroinformativo.com.mx\/index.php?rest_route=\/wp\/v2\/posts\/8647","targetHints":{"allow":["GET"]}}],"collection":[{"href":"https:\/\/encuentroinformativo.com.mx\/index.php?rest_route=\/wp\/v2\/posts"}],"about":[{"href":"https:\/\/encuentroinformativo.com.mx\/index.php?rest_route=\/wp\/v2\/types\/post"}],"author":[{"embeddable":true,"href":"https:\/\/encuentroinformativo.com.mx\/index.php?rest_route=\/wp\/v2\/users\/1"}],"replies":[{"embeddable":true,"href":"https:\/\/encuentroinformativo.com.mx\/index.php?rest_route=%2Fwp%2Fv2%2Fcomments&post=8647"}],"version-history":[{"count":1,"href":"https:\/\/encuentroinformativo.com.mx\/index.php?rest_route=\/wp\/v2\/posts\/8647\/revisions"}],"predecessor-version":[{"id":8649,"href":"https:\/\/encuentroinformativo.com.mx\/index.php?rest_route=\/wp\/v2\/posts\/8647\/revisions\/8649"}],"wp:featuredmedia":[{"embeddable":true,"href":"https:\/\/encuentroinformativo.com.mx\/index.php?rest_route=\/wp\/v2\/media\/8648"}],"wp:attachment":[{"href":"https:\/\/encuentroinformativo.com.mx\/index.php?rest_route=%2Fwp%2Fv2%2Fmedia&parent=8647"}],"wp:term":[{"taxonomy":"category","embeddable":true,"href":"https:\/\/encuentroinformativo.com.mx\/index.php?rest_route=%2Fwp%2Fv2%2Fcategories&post=8647"},{"taxonomy":"post_tag","embeddable":true,"href":"https:\/\/encuentroinformativo.com.mx\/index.php?rest_route=%2Fwp%2Fv2%2Ftags&post=8647"}],"curies":[{"name":"wp","href":"https:\/\/api.w.org\/{rel}","templated":true}]}}