{"id":8669,"date":"2020-12-01T11:29:45","date_gmt":"2020-12-01T17:29:45","guid":{"rendered":"https:\/\/encuentroinformativo.com.mx\/?p=8669"},"modified":"2020-12-01T11:29:47","modified_gmt":"2020-12-01T17:29:47","slug":"para-conmemorar-dia-mundial-de-la-discapacidad-celebraran-equitron","status":"publish","type":"post","link":"https:\/\/encuentroinformativo.com.mx\/?p=8669","title":{"rendered":"Para conmemorar D\u00eda Mundial de la Discapacidad celebrar\u00e1n &#8220;Equitr\u00f3n&#8221;"},"content":{"rendered":"\n<p><strong>Alejandro \u00c1vila<\/strong><\/p>\n\n\n\n<p>Veracruz, Ver.- El pr\u00f3ximo 3 de diciembre se celebra el D\u00eda Mundial de la Discapacidad, por lo que Fundaci\u00f3n Yaritza &#8220;Movimientos que Curan&#8221; en compa\u00f1ia de otras Asociaciones Civiles realizar\u00e1n un evento denominado &#8220;Equitr\u00f3n&#8221; donde se dar\u00e1n talleres y demostraciones de sus actividades, a fin de recaudar fondos.<\/p>\n\n\n\n<p>Si bien este evento ser\u00e1 transmitido en el <em>Facebook<\/em> de Fundaci\u00f3n Yaritza &#8220;Movimientos que Cur\u00e1n&#8221; de 9 de la ma\u00f1ana a 5 de la tarde, ser\u00e1 replicado por el resto de las Asociaciones Civiles en sus respectivas redes sociales.<\/p>\n\n\n\n<p>En dicho evento que se llevar\u00e1 a cabo en la avenida Fidel Vel\u00e1zquez en el ex m\u00f3dulo del DIF de Veracruz, habr\u00e1 demostraciones de equinoterapias, eventos musicales por parte de los pacientes, adem\u00e1s de talleres impartidos por psic\u00f3logos y terapeutas de renombre.<\/p>\n\n\n\n<p>&#8220;De hecho tenemos dos meses apenas que abrimos, estuvo cerrado toda esta temporada por lo de la pandemia, y estamos con las medidas de prevenci\u00f3n para entrar al sal\u00f3n y para atender a los ni\u00f1os, todo como lo indican y tenemos apenas ni\u00f1os que se est\u00e1n incorporando. Hay algunos que se tienen que ir a visitar a domicilio, porque sabr\u00e1n ustedes que ni\u00f1os con discapacidad no se pueden dejar de atender&#8221;, resalt\u00f3, Vianey Morales Apodaca, presidenta de Fundaci\u00f3n Yaritza.<\/p>\n\n\n\n<p>En total Fundaci\u00f3n Yaritza &#8220;Movimientos que Curan&#8221;, atiende a m\u00e1s de 80 ni\u00f1os de todo el Estado de Veracruz, dando terapia para discapacidades como, paralisis cerebral, sindrome de down, espectro autista, trastorno de lenguaje, entre otras.<\/p>\n\n\n\n<p>Reconoci\u00f3 que quienes m\u00e1s complicaciones tuvieron durante la pandemia fueron los chicos con espectro autista, pues el estar encerrados por la pandemia y no llevar sus terapias constantes, afectaron no solo el proceso de recuperaci\u00f3n de los menores, sino tambi\u00e9n a sus padres.<\/p>\n\n\n\n<p>Finalmente, dijo que al reactivar la Fundaci\u00f3n hace casi dos meses, en algunos casos vieron como varios ni\u00f1os sufrieron el encierro en la pandemia y sus terapias tuvieron que ser especiales para poder regresar al ritmo de trabajo anterior.<\/p>\n","protected":false},"excerpt":{"rendered":"<p>Alejandro \u00c1vila Veracruz, Ver.- El pr\u00f3ximo 3 de diciembre se celebra el D\u00eda Mundial de la Discapacidad, por lo que Fundaci\u00f3n Yaritza &#8220;Movimientos que Curan&#8221; en compa\u00f1ia de otras Asociaciones Civiles realizar\u00e1n un evento denominado &#8220;Equitr\u00f3n&#8221; donde se dar\u00e1n talleres y demostraciones de sus actividades, a fin de recaudar fondos. Si bien este evento ser\u00e1 [&hellip;]<\/p>\n","protected":false},"author":1,"featured_media":8670,"comment_status":"open","ping_status":"open","sticky":false,"template":"","format":"standard","meta":{"_jetpack_memberships_contains_paid_content":false,"footnotes":""},"categories":[2],"tags":[],"class_list":["post-8669","post","type-post","status-publish","format-standard","has-post-thumbnail","hentry","category-estado"],"jetpack_featured_media_url":"https:\/\/encuentroinformativo.com.mx\/wp-content\/uploads\/2020\/12\/584CE863-343A-4765-A771-CBD3F04F6656.jpeg","jetpack_sharing_enabled":true,"jetpack_likes_enabled":true,"amp_enabled":true,"_links":{"self":[{"href":"https:\/\/encuentroinformativo.com.mx\/index.php?rest_route=\/wp\/v2\/posts\/8669","targetHints":{"allow":["GET"]}}],"collection":[{"href":"https:\/\/encuentroinformativo.com.mx\/index.php?rest_route=\/wp\/v2\/posts"}],"about":[{"href":"https:\/\/encuentroinformativo.com.mx\/index.php?rest_route=\/wp\/v2\/types\/post"}],"author":[{"embeddable":true,"href":"https:\/\/encuentroinformativo.com.mx\/index.php?rest_route=\/wp\/v2\/users\/1"}],"replies":[{"embeddable":true,"href":"https:\/\/encuentroinformativo.com.mx\/index.php?rest_route=%2Fwp%2Fv2%2Fcomments&post=8669"}],"version-history":[{"count":1,"href":"https:\/\/encuentroinformativo.com.mx\/index.php?rest_route=\/wp\/v2\/posts\/8669\/revisions"}],"predecessor-version":[{"id":8671,"href":"https:\/\/encuentroinformativo.com.mx\/index.php?rest_route=\/wp\/v2\/posts\/8669\/revisions\/8671"}],"wp:featuredmedia":[{"embeddable":true,"href":"https:\/\/encuentroinformativo.com.mx\/index.php?rest_route=\/wp\/v2\/media\/8670"}],"wp:attachment":[{"href":"https:\/\/encuentroinformativo.com.mx\/index.php?rest_route=%2Fwp%2Fv2%2Fmedia&parent=8669"}],"wp:term":[{"taxonomy":"category","embeddable":true,"href":"https:\/\/encuentroinformativo.com.mx\/index.php?rest_route=%2Fwp%2Fv2%2Fcategories&post=8669"},{"taxonomy":"post_tag","embeddable":true,"href":"https:\/\/encuentroinformativo.com.mx\/index.php?rest_route=%2Fwp%2Fv2%2Ftags&post=8669"}],"curies":[{"name":"wp","href":"https:\/\/api.w.org\/{rel}","templated":true}]}}