{"id":867,"date":"2020-03-13T09:56:24","date_gmt":"2020-03-13T15:56:24","guid":{"rendered":"https:\/\/encuentroinformativo.com\/?p=867"},"modified":"2020-03-13T09:56:26","modified_gmt":"2020-03-13T15:56:26","slug":"la-doble-moral-en-la-uv-con-el-tema-del-acoso-sexual","status":"publish","type":"post","link":"https:\/\/encuentroinformativo.com.mx\/?p=867","title":{"rendered":"LA DOBLE MORAL EN LA UV CON EL TEMA DEL ACOSO SEXUAL"},"content":{"rendered":"\n<p><br> @pablojair<\/p>\n\n\n\n<ul class=\"wp-block-list\"><li>No atendieron de urgencia a paciente en Boca y se les muri\u00f3.<\/li><li>Pide licencia la jefa policiaca veracruzana condecorada.<\/li><li>Cesan a mando de la Polic\u00eda Ministerial ligado al &#8220;Verduritas&#8221;.<\/li><\/ul>\n\n\n\n<p>No te muevas Papantla, que te voy a retratar.<br>\n&#8211;Chopenjawer<\/p>\n\n\n\n<p>&#8220;El profesor Levet me cit\u00f3 en el estacionamiento del campus para entregarle un trabajo fuera de tiempo. Me pidi\u00f3 que me subiera a su camioneta para revisarlo, lo hice con inocencia. Me sent\u00e9 y me dijo: &#8216;tienes que hacer algo que me motive a pasarte&#8217;\u2026 Comenz\u00f3 a tocarme las piernas y me agarr\u00f3 la cintura. No supe qu\u00e9 hacer\u2026 Me qued\u00e9 inm\u00f3vil esperando que el momento pasara&#8221;.<\/p>\n\n\n\n<p>Lo anterior es un fragmento de un mensaje que fue colgado en un tendedero contra el acoso sexual que alumnas de la Universidad Veracruzana instalaron en la Facultad de Ciencias de la Comunicaci\u00f3n (FACICO) en el campus Boca del R\u00edo; en este caso, al profesor se le conoce por el mote de &#8220;El Papito&#8221;. Otros casos de presunto acoso en la misma facultad tambi\u00e9n fueron contra un profesor de nombre Juan.<\/p>\n\n\n\n<p>Hay m\u00e1s material de denuncia p\u00fablica este jueves por parte de alumnos de la UV, donde destacan nombres como el &#8220;Dr. Salazar&#8221;, &#8220;Sergio&#8221;, &#8220;Dr. Wong&#8221;, entre otros. Esto tambi\u00e9n pas\u00f3 en el puerto de Veracruz, en la Facultad de Medicina y la de Bioan\u00e1lisis.<\/p>\n\n\n\n<p>En Orizaba tambi\u00e9n los alumnos de la Facultad de Ciencias Qu\u00edmicas hicieron un tendedero, pero las autoridades universitarias corrieron a los reporteros que cubr\u00edan las denuncias. Ah\u00ed se\u00f1alan en mensajes por presunto acoso a H\u00e9ctor Hugo, Salom\u00f3n, Rub\u00e9n\u2026<\/p>\n\n\n\n<p>Las denuncias crearon reacci\u00f3n al interior de la Universidad cuando los alumnos empezaron a subir este tipo de mensajes. De hecho, se sabe que hubo una reuni\u00f3n sindical con car\u00e1cter de urgente en Boca del R\u00edo, donde los dirigentes habr\u00edan pedido a los profesores que hicieran mutis y no publicaran nada.<\/p>\n\n\n\n<p>Se sabe tambi\u00e9n que dentro de la UV hay preocupaci\u00f3n porque si los estudiantes se asesoran bien, pueden pasan de la protesta a la denuncia formal y eso ser\u00eda un esc\u00e1ndalo tremendo para la Universidad Veracruzana.<\/p>\n\n\n\n<p>\u00bfQu\u00e9 va a pasar? Hasta ahora la rectora Sara Ladr\u00f3n de Guevara y algunas acad\u00e9micas han sido las m\u00e1s &#8220;duras feministas&#8221;, pero ante estas situaciones parece que se han quedado calladitas.<\/p>\n\n\n\n<p>Esto, la verdad, huele a pura simulaci\u00f3n.<\/p>\n\n\n\n<p>\u00bfVan a encubrir estos casos que valientemente est\u00e1n dando a conocer los alumnos de la UV en los recientes d\u00edas? \u00bfMantendr\u00e1n todo en silencio, tratando de lavar la ropa sucia en casa? \u00bfDe qu\u00e9 sirve tanta faramalla con el mentado Protocolo para Atender la Violencia de G\u00e9nero en la UV?<\/p>\n\n\n\n<p>\u00bfQue pasar\u00e1 entonces con esos maestros que siendo se\u00f1alados, van a ser protegidos por el sindicato?<\/p>\n\n\n\n<p>Por cierto que este 11 de marzo, la rectora acaba de ir a una de las Mesas de Seguridad que encabez\u00f3 el gobernador Cuitl\u00e1huac Garc\u00eda Jim\u00e9nez y habl\u00f3 de robos, asaltos, homicidios y hasta secuestros, pero nunca mencion\u00f3 &#8211;al menos nunca se inform\u00f3 de manera oficial que m\u00e1s se discuti\u00f3 en la reuni\u00f3n&#8211; los casos de acoso al interior de la Universidad Veracruzana.<\/p>\n\n\n\n<p>Hoy los alumnos son los que dan a conocer estas situaciones, pero en la UV hacen como que la virgen les habla, aunque no tienen mucho margen de maniobra para excusarse.<\/p>\n\n\n\n<p><strong>NOTA PARA PEGAR EN EL REFRI: <\/strong>Que en el Hospital de Boca del R\u00edo se muri\u00f3 un paciente el pasado domingo, pero no quieren que se haga p\u00fablico por una raz\u00f3n: no lo atendieron a tiempo en Urgencias y ah\u00ed mismo falleci\u00f3 de un infarto fulminante. Seg\u00fan versiones, se trata de una persona del sexo masculino que lleg\u00f3 sinti\u00e9ndose mal, pero la persona encargada de recibir a los pacientes no aplic\u00f3 correctamente el TRIAGE (protocolo para atender a los pacientes de acuerdo a la urgencia), que de hecho ni siquiera era una enfermera o alguien capacitado, sino un simple bur\u00f3crata que le pidi\u00f3 al paciente sentarse y que esperara, pero ah\u00ed mismo feneci\u00f3. Pese a que se activ\u00f3 el c\u00f3digo azul, lamentablemente no pudieron revivirlo y desde entonces el m\u00e9dico de guardia (un tal doctor Ayala, proveniente del ISSSTE) dio la orden de que los pacientes pasaran directamente con \u00e9l\u2026 Se sabe que este asunto lo quieren mantener en secreto y no quieren que trascienda, \u00bfas\u00ed va a ser si llega un paciente con Coronavirus? \u00bfNo va a haber una investigaci\u00f3n por negligencia? \u00bfYa lo sabr\u00e1 el secretario de Salud?<\/p>\n\n\n\n<p><strong>OTRA NOTA: <\/strong>Que la veracruzana Patricia Rosalinda Trujillo Mariel, comisaria de la Guardia Nacional e integrante de la Coordinaci\u00f3n Operativa Institucional, solicit\u00f3 licencia ilimitada al cargo a dos semanas de que se dio a conocer su participaci\u00f3n en la adquisici\u00f3n de un supuesto software israel\u00ed a sobreprecio para la extinta Polic\u00eda Federal. Para m\u00e1s se\u00f1as, es la mujer polic\u00eda que el presidente L\u00f3pez Obrador presumi\u00f3 por tener 12 doctorados y haber escrito 28 libros.<\/p>\n\n\n\n<p><strong>LA \u00daLTIMA PORQUE HAY QUE HACER MALETA: <\/strong>Que este jueves fue cesado \u00c1ngel Rodrigo Serrano Cabrera, quien se desempe\u00f1aba como Comisario de la Polic\u00eda Ministerial de la zona Tuxpan. Al &#8220;Potro&#8221;, como tambi\u00e9n es conocido, se le recuerda por ser el principal operador de Jorge &#8220;N&#8221; alias &#8220;Verduritas&#8221; (hoy pr\u00f3fugo) en acciones &#8220;polic\u00edacas&#8221; que se cobijaron en un sinf\u00edn de abusos y excesos. Para m\u00e1s se\u00f1as, este cuate era el polic\u00eda preferido del Yunato para hacer las detenciones de exfuncionarios de la administraci\u00f3n de Javier Duarte; para ese entonces estaba comisionado en Cosamaloapan, pero estaba de ajonjol\u00ed de todos los moles en esos operativos e ingresos de duartistas a Pacho Viejo.<\/p>\n\n\n\n<p><strong> @pablojair<\/strong><\/p>\n","protected":false},"excerpt":{"rendered":"<p>@pablojair No atendieron de urgencia a paciente en Boca y se les muri\u00f3. Pide licencia la jefa policiaca veracruzana condecorada. Cesan a mando de la Polic\u00eda Ministerial ligado al &#8220;Verduritas&#8221;. No te muevas Papantla, que te voy a retratar. &#8211;Chopenjawer &#8220;El profesor Levet me cit\u00f3 en el estacionamiento del campus para entregarle un trabajo fuera [&hellip;]<\/p>\n","protected":false},"author":1,"featured_media":488,"comment_status":"open","ping_status":"open","sticky":false,"template":"","format":"standard","meta":{"_jetpack_memberships_contains_paid_content":false,"footnotes":""},"categories":[11],"tags":[],"class_list":["post-867","post","type-post","status-publish","format-standard","has-post-thumbnail","hentry","category-opinion"],"jetpack_featured_media_url":"https:\/\/encuentroinformativo.com.mx\/wp-content\/uploads\/2020\/03\/F471F608-BA1A-416B-BA7B-BCFB24F4E6D0.jpeg","jetpack_sharing_enabled":true,"jetpack_likes_enabled":true,"amp_enabled":true,"_links":{"self":[{"href":"https:\/\/encuentroinformativo.com.mx\/index.php?rest_route=\/wp\/v2\/posts\/867","targetHints":{"allow":["GET"]}}],"collection":[{"href":"https:\/\/encuentroinformativo.com.mx\/index.php?rest_route=\/wp\/v2\/posts"}],"about":[{"href":"https:\/\/encuentroinformativo.com.mx\/index.php?rest_route=\/wp\/v2\/types\/post"}],"author":[{"embeddable":true,"href":"https:\/\/encuentroinformativo.com.mx\/index.php?rest_route=\/wp\/v2\/users\/1"}],"replies":[{"embeddable":true,"href":"https:\/\/encuentroinformativo.com.mx\/index.php?rest_route=%2Fwp%2Fv2%2Fcomments&post=867"}],"version-history":[{"count":1,"href":"https:\/\/encuentroinformativo.com.mx\/index.php?rest_route=\/wp\/v2\/posts\/867\/revisions"}],"predecessor-version":[{"id":868,"href":"https:\/\/encuentroinformativo.com.mx\/index.php?rest_route=\/wp\/v2\/posts\/867\/revisions\/868"}],"wp:featuredmedia":[{"embeddable":true,"href":"https:\/\/encuentroinformativo.com.mx\/index.php?rest_route=\/wp\/v2\/media\/488"}],"wp:attachment":[{"href":"https:\/\/encuentroinformativo.com.mx\/index.php?rest_route=%2Fwp%2Fv2%2Fmedia&parent=867"}],"wp:term":[{"taxonomy":"category","embeddable":true,"href":"https:\/\/encuentroinformativo.com.mx\/index.php?rest_route=%2Fwp%2Fv2%2Fcategories&post=867"},{"taxonomy":"post_tag","embeddable":true,"href":"https:\/\/encuentroinformativo.com.mx\/index.php?rest_route=%2Fwp%2Fv2%2Ftags&post=867"}],"curies":[{"name":"wp","href":"https:\/\/api.w.org\/{rel}","templated":true}]}}