{"id":8678,"date":"2020-12-01T13:53:39","date_gmt":"2020-12-01T19:53:39","guid":{"rendered":"https:\/\/encuentroinformativo.com.mx\/?p=8678"},"modified":"2020-12-01T13:53:41","modified_gmt":"2020-12-01T19:53:41","slug":"estare-por-el-tiempo-que-el-pueblo-me-eligio-cuitlahuac","status":"publish","type":"post","link":"https:\/\/encuentroinformativo.com.mx\/?p=8678","title":{"rendered":"Estar\u00e9 por el tiempo que el pueblo me eligi\u00f3: Cuitl\u00e1huac"},"content":{"rendered":"\n<p><strong>Redacci\u00f3n<\/strong><\/p>\n\n\n\n<p>Xalapa, Ver.- Ante los rumores de que al cumplir dos a\u00f1os de su gesti\u00f3n abandonar\u00eda el cargo, el gobernador Cuitl\u00e1huac Garc\u00eda Jim\u00e9nez afirm\u00f3 que termina el periodo para el que fue electo.&nbsp;<\/p>\n\n\n\n<p>En conferencia de prensa ofrecida en Palacio de Gobierno, el ejecutivo estatal afirm\u00f3 que su gobierno est\u00e1 dando resultados.&nbsp;<\/p>\n\n\n\n<p>Cuestionado sobre su presunta salid del cargo afirm\u00f3: \u201cYa hab\u00edan parado yo creo que se les cumpli\u00f3 el a\u00f1o y medio, y como vieron que no, y ya vieron que dos a\u00f1o no\u2026&nbsp; yo tengo muy claro lo que hay que hacer en este gobierno, estamos dando resultados recuerden que un compromiso importante fue bajar los \u00edndices delictivos\u201d.<\/p>\n\n\n\n<p>Yo estar\u00e9 aqu\u00ed el tiempo por el que el pueblo me eligi\u00f3, enfatiz\u00f3.&nbsp;<\/p>\n","protected":false},"excerpt":{"rendered":"<p>Redacci\u00f3n Xalapa, Ver.- Ante los rumores de que al cumplir dos a\u00f1os de su gesti\u00f3n abandonar\u00eda el cargo, el gobernador Cuitl\u00e1huac Garc\u00eda Jim\u00e9nez afirm\u00f3 que termina el periodo para el que fue electo.&nbsp; En conferencia de prensa ofrecida en Palacio de Gobierno, el ejecutivo estatal afirm\u00f3 que su gobierno est\u00e1 dando resultados.&nbsp; Cuestionado sobre su [&hellip;]<\/p>\n","protected":false},"author":1,"featured_media":8679,"comment_status":"open","ping_status":"open","sticky":false,"template":"","format":"standard","meta":{"_jetpack_memberships_contains_paid_content":false,"footnotes":""},"categories":[2],"tags":[],"class_list":["post-8678","post","type-post","status-publish","format-standard","has-post-thumbnail","hentry","category-estado"],"jetpack_featured_media_url":"https:\/\/encuentroinformativo.com.mx\/wp-content\/uploads\/2020\/12\/50BF6B63-1838-45C7-A286-0247011845EF.jpeg","jetpack_sharing_enabled":true,"jetpack_likes_enabled":true,"amp_enabled":true,"_links":{"self":[{"href":"https:\/\/encuentroinformativo.com.mx\/index.php?rest_route=\/wp\/v2\/posts\/8678","targetHints":{"allow":["GET"]}}],"collection":[{"href":"https:\/\/encuentroinformativo.com.mx\/index.php?rest_route=\/wp\/v2\/posts"}],"about":[{"href":"https:\/\/encuentroinformativo.com.mx\/index.php?rest_route=\/wp\/v2\/types\/post"}],"author":[{"embeddable":true,"href":"https:\/\/encuentroinformativo.com.mx\/index.php?rest_route=\/wp\/v2\/users\/1"}],"replies":[{"embeddable":true,"href":"https:\/\/encuentroinformativo.com.mx\/index.php?rest_route=%2Fwp%2Fv2%2Fcomments&post=8678"}],"version-history":[{"count":1,"href":"https:\/\/encuentroinformativo.com.mx\/index.php?rest_route=\/wp\/v2\/posts\/8678\/revisions"}],"predecessor-version":[{"id":8680,"href":"https:\/\/encuentroinformativo.com.mx\/index.php?rest_route=\/wp\/v2\/posts\/8678\/revisions\/8680"}],"wp:featuredmedia":[{"embeddable":true,"href":"https:\/\/encuentroinformativo.com.mx\/index.php?rest_route=\/wp\/v2\/media\/8679"}],"wp:attachment":[{"href":"https:\/\/encuentroinformativo.com.mx\/index.php?rest_route=%2Fwp%2Fv2%2Fmedia&parent=8678"}],"wp:term":[{"taxonomy":"category","embeddable":true,"href":"https:\/\/encuentroinformativo.com.mx\/index.php?rest_route=%2Fwp%2Fv2%2Fcategories&post=8678"},{"taxonomy":"post_tag","embeddable":true,"href":"https:\/\/encuentroinformativo.com.mx\/index.php?rest_route=%2Fwp%2Fv2%2Ftags&post=8678"}],"curies":[{"name":"wp","href":"https:\/\/api.w.org\/{rel}","templated":true}]}}