{"id":8681,"date":"2020-12-01T14:10:44","date_gmt":"2020-12-01T20:10:44","guid":{"rendered":"https:\/\/encuentroinformativo.com.mx\/?p=8681"},"modified":"2020-12-01T14:10:47","modified_gmt":"2020-12-01T20:10:47","slug":"continuan-30-ninos-en-veracruz-en-lista-espera-para-protesis","status":"publish","type":"post","link":"https:\/\/encuentroinformativo.com.mx\/?p=8681","title":{"rendered":"Contin\u00faan 30 ni\u00f1os en Veracruz en lista espera para pr\u00f3tesis"},"content":{"rendered":"\n<p><strong>Alejandro \u00c1vila<\/strong><\/p>\n\n\n\n<p>Veracruz, Ver.- Casi 30 ni\u00f1os se vieron afectados y no pudieron recibir sus protesis, debido a que se detuvieron las donaciones durante la pandemia por COVID-19.<\/p>\n\n\n\n<p>Diversas fundaciones se vieron afectadas en sus colectas debido a la crisis econ\u00f3mica, por lo que tuvieron que suspender sus actividades, mencion\u00f3 Marisela Molina Garc\u00eda, presidenta de la Junta Directiva de Fundaci\u00f3n Bienestar y Vida A.C.<\/p>\n\n\n\n<p>&#8220;S\u00ed tenemos una lista, estamos trabajando en ello para buscar apoyos tanto de empresas p\u00fablicas y privadas, tambi\u00e9n apoyos de personas que tienen sus empresas y que les gusta apoyar (\u2026) mira ahorita tenemos alrededor de unos 20 &#8211; 30 ni\u00f1os&#8221;, subray\u00f3.<\/p>\n\n\n\n<p>La fundaci\u00f3n a su cargo da apoyo a las personas con discapacidad f\u00edsica o motriz, y se centran en buscar apoyo para personas con problemas de movilidad.<\/p>\n\n\n\n<p>&#8220;Hablamos de discapacidad que les falta una extremidad, que necesiten sillas de ruedas, hay ni\u00f1os con paralisis cerebral que no cuentan con los medios ni los recursos para comprarse los medicamentos, pa\u00f1ales, incluso en las familias tambi\u00e9n, ahorita con la pandemia pues realmente la situaci\u00f3n est\u00e1 siendo muy dificil&#8221;, apunt\u00f3.<\/p>\n\n\n\n<p>La Fundaci\u00f3n Bienestar y Vida, que brinda apoyo en toda la entidad veracruzana, se suma al Equitr\u00f3n 2020 compartiendo las actividades del d\u00eda jueves 3 de diciembre a trav\u00e9s de sus redes sociales, y aportar\u00e1 capsulas informativas sobre lo que es la discapacidad.<\/p>\n\n\n\n<p>&#8220;Para que vean que la discapacidad no define, la discapacidad no quiere decir que eres una persona diferente a los dem\u00e1s y que te va a limitar a hacer actividades, al contrario&#8221;, remat\u00f3.<\/p>\n\n\n\n<p>Si bien reconocio se capacitaron a los familiares para que de manera virtual se dieran las terapias y apoyaran a sus hijos, afirm\u00f3 no es lo mismo que lo haga un especilista en el lugar adecuado, por lo que dijo hubo un retraso en las terapias para muchos ni\u00f1os.<\/p>\n","protected":false},"excerpt":{"rendered":"<p>Alejandro \u00c1vila Veracruz, Ver.- Casi 30 ni\u00f1os se vieron afectados y no pudieron recibir sus protesis, debido a que se detuvieron las donaciones durante la pandemia por COVID-19. Diversas fundaciones se vieron afectadas en sus colectas debido a la crisis econ\u00f3mica, por lo que tuvieron que suspender sus actividades, mencion\u00f3 Marisela Molina Garc\u00eda, presidenta de [&hellip;]<\/p>\n","protected":false},"author":1,"featured_media":8682,"comment_status":"open","ping_status":"open","sticky":false,"template":"","format":"standard","meta":{"_jetpack_memberships_contains_paid_content":false,"footnotes":""},"categories":[2],"tags":[],"class_list":["post-8681","post","type-post","status-publish","format-standard","has-post-thumbnail","hentry","category-estado"],"jetpack_featured_media_url":"https:\/\/encuentroinformativo.com.mx\/wp-content\/uploads\/2020\/12\/A215B9EF-2882-4FCC-87C2-D071758D3375.jpeg","jetpack_sharing_enabled":true,"jetpack_likes_enabled":true,"amp_enabled":true,"_links":{"self":[{"href":"https:\/\/encuentroinformativo.com.mx\/index.php?rest_route=\/wp\/v2\/posts\/8681","targetHints":{"allow":["GET"]}}],"collection":[{"href":"https:\/\/encuentroinformativo.com.mx\/index.php?rest_route=\/wp\/v2\/posts"}],"about":[{"href":"https:\/\/encuentroinformativo.com.mx\/index.php?rest_route=\/wp\/v2\/types\/post"}],"author":[{"embeddable":true,"href":"https:\/\/encuentroinformativo.com.mx\/index.php?rest_route=\/wp\/v2\/users\/1"}],"replies":[{"embeddable":true,"href":"https:\/\/encuentroinformativo.com.mx\/index.php?rest_route=%2Fwp%2Fv2%2Fcomments&post=8681"}],"version-history":[{"count":1,"href":"https:\/\/encuentroinformativo.com.mx\/index.php?rest_route=\/wp\/v2\/posts\/8681\/revisions"}],"predecessor-version":[{"id":8683,"href":"https:\/\/encuentroinformativo.com.mx\/index.php?rest_route=\/wp\/v2\/posts\/8681\/revisions\/8683"}],"wp:featuredmedia":[{"embeddable":true,"href":"https:\/\/encuentroinformativo.com.mx\/index.php?rest_route=\/wp\/v2\/media\/8682"}],"wp:attachment":[{"href":"https:\/\/encuentroinformativo.com.mx\/index.php?rest_route=%2Fwp%2Fv2%2Fmedia&parent=8681"}],"wp:term":[{"taxonomy":"category","embeddable":true,"href":"https:\/\/encuentroinformativo.com.mx\/index.php?rest_route=%2Fwp%2Fv2%2Fcategories&post=8681"},{"taxonomy":"post_tag","embeddable":true,"href":"https:\/\/encuentroinformativo.com.mx\/index.php?rest_route=%2Fwp%2Fv2%2Ftags&post=8681"}],"curies":[{"name":"wp","href":"https:\/\/api.w.org\/{rel}","templated":true}]}}