{"id":8698,"date":"2020-12-02T09:46:33","date_gmt":"2020-12-02T15:46:33","guid":{"rendered":"https:\/\/encuentroinformativo.com.mx\/?p=8698"},"modified":"2020-12-02T09:46:36","modified_gmt":"2020-12-02T15:46:36","slug":"le-contesta-marko-cortes-a-miguel-chiquito","status":"publish","type":"post","link":"https:\/\/encuentroinformativo.com.mx\/?p=8698","title":{"rendered":"LE CONTESTA MARKO CORT\u00c9S A &#8220;MIGUEL CHIQUITO&#8221;"},"content":{"rendered":"\n<p><strong>@pablojair<\/strong><\/p>\n\n\n\n<ul class=\"wp-block-list\"><li>Expresidenta del Poder Judicial denuncia al secre de Gobierno.<\/li><li>No se va Cuitl\u00e1huac, como dec\u00edan los &#8220;ora\u2026 culos&#8221;.<\/li><li>Se re\u00fanen comisionados del IVAI con el gobernador.<\/li><\/ul>\n\n\n\n<p>Un d\u00eda eres joven y al otro te enteras que Ellen Page es ahora Elliot Page\u2026<br>&#8211;La Pinche (y bella) Daf<\/p>\n\n\n\n<p>El pasado 19 de noviembre, los hijos del exgobernador Miguel \u00c1ngel Yunes Linares, Fernando y Miguel, juntaron a su pandilla de &#8220;amiguis&#8221; y se los llevaron al Comit\u00e9 Ejecutivo Nacional del Partido Acci\u00f3n Nacional (PAN) para hacer mont\u00f3n y presionar al dirigente Marko Cort\u00e9s &#8211;como grupo&#8211; para que les otorguen candidaturas, especialmente la de la alcald\u00eda de Veracruz.<\/p>\n\n\n\n<p>Horas m\u00e1s tarde difundir\u00edan entre sus simpatizantes y aplaudidores que se hab\u00edan tomado &#8220;acuerdos&#8221; entre los que destacaba que el candidato a la Presidencia Municipal de Veracruz ser\u00eda designado directamente por el Comit\u00e9 Ejecutivo Nacional, lo cual ser\u00eda desmentido horas despu\u00e9s.<\/p>\n\n\n\n<p>Lo anterior mereci\u00f3 que al d\u00eda siguiente, el Comit\u00e9 Directivo Estatal, encabezado por Joaqu\u00edn Guzm\u00e1n Avil\u00e9s, informar\u00e1 que se llev\u00f3 a cabo una sesi\u00f3n de la Comisi\u00f3n Permanente del CDE del PAN, como &#8220;\u00fanico \u00f3rgano facultado para determinar el m\u00e9todo de selecci\u00f3n de candidatos&#8221;, y que decidi\u00f3 &#8220;por unanimidad&#8221; el m\u00e9todo ordinario de votaci\u00f3n por militantes para el proceso electoral 2021.<\/p>\n\n\n\n<p>Es decir, ser\u00e1n los militantes quienes seleccionen a los candidatos a cargos de elecci\u00f3n popular de presidente municipal, s\u00edndicos y regidores, as\u00ed como los diputados locales de mayor\u00eda relativa que competir\u00e1n en el proceso electoral 2020-2021.<\/p>\n\n\n\n<p>Y es que, como ya hemos dicho aqu\u00ed en su columna favorita, el estilo de los Yunes no es competir en elecciones internas, menos cuando no tienen ventaja.<\/p>\n\n\n\n<p>Su modus operandi, en este sentido, es exigir a base de presiones que se les den candidaturas y cargos nada m\u00e1s porque sienten que han aportado mucho al partido en el poco tiempo que llevan militando. Que su nombre, su marca, vale mucho y por eso merecen que se les otorgue, literalmente, todo.<\/p>\n\n\n\n<p>Este lunes, a trav\u00e9s de un video, el candidato perdedor a la gubernatura Miguel \u00c1ngel Yunes M\u00e1rquez se &#8220;destap\u00f3&#8221; y anunci\u00f3 su &#8220;regreso a la vida p\u00fablica&#8221; luego de una buena temporada en Francia, donde quiz\u00e1s se dio una gran vida\u2026 a medias, porque la pandemia nos pas\u00f3 a joder a todos.<\/p>\n\n\n\n<p>Lo m\u00e1s probable es que esperaba una respuesta multitudinaria tipo &#8220;Nos has salvado, estamos agradecidos&#8221;, como los marcianitos de Toy Story.<\/p>\n\n\n\n<p>Pero el dirigente nacional del PAN, Marko Cort\u00e9s, le contest\u00f3 sutilmente tambi\u00e9n en un video cargado de un fuerte mensaje pol\u00edtico.<\/p>\n\n\n\n<p>Se trata de una felicitaci\u00f3n al diputado local Bingen Rementer\u00eda (el m\u00e1s fuerte candidato del PAN a la alcald\u00eda de Veracruz, seg\u00fan encuestas), donde el l\u00edder blanquiazul le reconoce su trabajo en el marco de su segundo informe de actividades legislativas.<\/p>\n\n\n\n<p>No obstante, entre l\u00edneas, Marko Cort\u00e9s deja ir dos sendos zapes a &#8220;Miguel Chiquito&#8221;.<\/p>\n\n\n\n<p>&#8220;Amigo Bingen, te felicito por tu trabajo, te felicito por no descuidar a la gente que te eligi\u00f3 para estar ah\u00ed y por seguir trabajando en equipo con Acci\u00f3n Nacional. Enhorabuena y muchas felicidades&#8221;, fue lo que dijo.<\/p>\n\n\n\n<p>Lo de &#8220;no descuidar a la gente que te eligi\u00f3&#8221; es una clara referencia a la graciosa huida que emprendi\u00f3 Miguel Jr. al saberse perdedor de las elecciones de 2018 a la gubernatura; de c\u00f3mo a los pocos d\u00edas de aceptar la costosa derrota (que no quiso admitir al principio), de plano abandon\u00f3 el pa\u00eds, dej\u00f3 atr\u00e1s a toda la gente que vot\u00f3 por \u00e9l en el estado y desapareci\u00f3 por dos a\u00f1os cuando se fue de retiro espiritual al viejo continente y primer mundo.<\/p>\n\n\n\n<p>Ahora, como el chupacabras, reapareci\u00f3 en tiempo de elecciones.<\/p>\n\n\n\n<p>El otro mensaje claro del presidente del PAN es lo de &#8220;seguir trabajando en equipo&#8221;, algo que a los Yunes se les dificulta porque para ellos no hay equipo: hay lacayos para sus intereses. No hay acuerdos tampoco cuando las cosas no les salen como ellos quieren, comportamiento t\u00f3xico que hizo que los panistas tradicionales comenzaran a desmarcarse de los Yunes.<\/p>\n\n\n\n<p>Finalmente, el video de Marko a Bingen, por donde se le busque, no es otra cosa m\u00e1s que un espaldarazo de la dirigencia nacional al joven legislador local.<\/p>\n\n\n\n<p>\u2026Y tambi\u00e9n una patada en los huevos a ya saben qui\u00e9n.<\/p>\n\n\n\n<p><strong>NOTA PARA PEGAR EN EL REFRI: <\/strong>Anoche se dio a conocer que la exmagistrada presidenta del Tribunal Superior de Justicia y extitular del Poder Judicial en Veracruz, Sof\u00eda Mart\u00ednez Huerta, denunci\u00f3 present\u00f3 ante la oficina de la fiscal general del estado una denuncia en contra del secretario de Gobierno, Eric Patrocinio Cisneros Burgos, por los delitos de amenazas, coacci\u00f3n y abuso de autoridad. Seguramente lo anterior es mero tr\u00e1mite para que Mart\u00ednez Huerta inicie un largo proceso legal, pues es sabido que la fiscala es gente del secretario de Gobierno, y ni modo que vaya a proceder contra su jefe pol\u00edtico. Es como si el Fiscal Verduritas hubiese querido proceder contra el Gober Cascarita en el pasado bienio.<\/p>\n\n\n\n<p><strong>OTRA NOTA: <\/strong>El gobernador Cuitl\u00e1huac Garc\u00eda Jim\u00e9nez desminti\u00f3 que vaya a pedir licencia como titular del Poder Ejecutivo en Veracruz. En su mensaje de este martes desde Palacio de Gobierno, el mandatario estatal reiter\u00f3: &#8220;Estar\u00e9 aqu\u00ed el tiempo por el que el pueblo me eligi\u00f3&#8221;. En este sentido, ironiz\u00f3 que las versiones infundadas eran en el sentido de que se ir\u00eda primero a los seis meses de haber asumido el cargo; luego subieron a un a\u00f1o; y ahora la nueva versi\u00f3n de dos a\u00f1os\u2026 &#8220;Ahora no s\u00e9 a qu\u00e9 lapso lo muevan que voy a renunciar o me voy a ir&#8221;, expres\u00f3\u2026. Y es que este martes, la columna del muy informado periodista Salvador Garc\u00eda Soto dec\u00eda exist\u00eda un presunto pacto para que Cuitl\u00e1huac saliera de la gubernatura y que el presidente Andr\u00e9s Manuel L\u00f3pez Obrador se la entregar\u00eda al senador y l\u00edder de Movimiento Ciudadano, Dante Delgado\u2026 Pero la neta lo anterior la verdad suena muy descabellado, pues se duda que AMLO entregue Veracruz as\u00ed como si nada a quien fue su exasesor y ahora casi enemigo pol\u00edtico, quien pact\u00f3 con los Yunes en las pasadas elecciones a la gubernatura.<\/p>\n\n\n\n<p><strong>LA \u00daLTIMA PORQUE HAY QUE CAMBIAR PA\u00d1ALES: <\/strong>Este lunes por la noche, los comisionados del Instituto Veracruzano de Acceso a la Informaci\u00f3n y Protecci\u00f3n de Datos Personales (IVAI), encabezados por su presidenta Naldy Patricia Rodr\u00edguez Lagunes, tuvieron una reuni\u00f3n con el gobernador Cuitl\u00e1huac Garc\u00eda Jim\u00e9nez donde le presentaron cuadernillos para educaci\u00f3n b\u00e1sica referente al tema de la transparencia y acceso a la informaci\u00f3n. De igual manera, los integrantes del Pleno del IVAI reiteraron su disposici\u00f3n a mantener una pol\u00edtica de austeridad y trabajo en el marco de la ley.<\/p>\n","protected":false},"excerpt":{"rendered":"<p>@pablojair Expresidenta del Poder Judicial denuncia al secre de Gobierno. No se va Cuitl\u00e1huac, como dec\u00edan los &#8220;ora\u2026 culos&#8221;. Se re\u00fanen comisionados del IVAI con el gobernador. Un d\u00eda eres joven y al otro te enteras que Ellen Page es ahora Elliot Page\u2026&#8211;La Pinche (y bella) Daf El pasado 19 de noviembre, los hijos del [&hellip;]<\/p>\n","protected":false},"author":1,"featured_media":488,"comment_status":"open","ping_status":"open","sticky":false,"template":"","format":"standard","meta":{"_jetpack_memberships_contains_paid_content":false,"footnotes":""},"categories":[11],"tags":[],"class_list":["post-8698","post","type-post","status-publish","format-standard","has-post-thumbnail","hentry","category-opinion"],"jetpack_featured_media_url":"https:\/\/encuentroinformativo.com.mx\/wp-content\/uploads\/2020\/03\/F471F608-BA1A-416B-BA7B-BCFB24F4E6D0.jpeg","jetpack_sharing_enabled":true,"jetpack_likes_enabled":true,"amp_enabled":true,"_links":{"self":[{"href":"https:\/\/encuentroinformativo.com.mx\/index.php?rest_route=\/wp\/v2\/posts\/8698","targetHints":{"allow":["GET"]}}],"collection":[{"href":"https:\/\/encuentroinformativo.com.mx\/index.php?rest_route=\/wp\/v2\/posts"}],"about":[{"href":"https:\/\/encuentroinformativo.com.mx\/index.php?rest_route=\/wp\/v2\/types\/post"}],"author":[{"embeddable":true,"href":"https:\/\/encuentroinformativo.com.mx\/index.php?rest_route=\/wp\/v2\/users\/1"}],"replies":[{"embeddable":true,"href":"https:\/\/encuentroinformativo.com.mx\/index.php?rest_route=%2Fwp%2Fv2%2Fcomments&post=8698"}],"version-history":[{"count":1,"href":"https:\/\/encuentroinformativo.com.mx\/index.php?rest_route=\/wp\/v2\/posts\/8698\/revisions"}],"predecessor-version":[{"id":8699,"href":"https:\/\/encuentroinformativo.com.mx\/index.php?rest_route=\/wp\/v2\/posts\/8698\/revisions\/8699"}],"wp:featuredmedia":[{"embeddable":true,"href":"https:\/\/encuentroinformativo.com.mx\/index.php?rest_route=\/wp\/v2\/media\/488"}],"wp:attachment":[{"href":"https:\/\/encuentroinformativo.com.mx\/index.php?rest_route=%2Fwp%2Fv2%2Fmedia&parent=8698"}],"wp:term":[{"taxonomy":"category","embeddable":true,"href":"https:\/\/encuentroinformativo.com.mx\/index.php?rest_route=%2Fwp%2Fv2%2Fcategories&post=8698"},{"taxonomy":"post_tag","embeddable":true,"href":"https:\/\/encuentroinformativo.com.mx\/index.php?rest_route=%2Fwp%2Fv2%2Ftags&post=8698"}],"curies":[{"name":"wp","href":"https:\/\/api.w.org\/{rel}","templated":true}]}}