{"id":8721,"date":"2020-12-02T22:42:53","date_gmt":"2020-12-03T04:42:53","guid":{"rendered":"https:\/\/encuentroinformativo.com.mx\/?p=8721"},"modified":"2020-12-02T22:42:56","modified_gmt":"2020-12-03T04:42:56","slug":"dictan-dos-anos-de-prision-preventiva-a-presunto-violador","status":"publish","type":"post","link":"https:\/\/encuentroinformativo.com.mx\/?p=8721","title":{"rendered":"Dictan dos a\u00f1os de prisi\u00f3n preventiva a presunto violador"},"content":{"rendered":"\n<p><strong>Alejandro \u00c1vila<\/strong><\/p>\n\n\n\n<p>Veracruz, Ver.- Fue presentado ante un Juez de Control en el municipio de Veracruz, un sujeto que hab\u00eda presuntamente abusado sexualmente de su hija, por lo que fue detenido por Polic\u00edas Ministeriales.<\/p>\n\n\n\n<p>El detenido responde al nombre de Juan Fernando R.R. quien es un presunto pederasta de 42 a\u00f1os y quien vive en el municipio de Tlalixcoyan.<\/p>\n\n\n\n<p>La familia de la v\u00edctima de apenas 8 a\u00f1os de edad, acusaron al detenido de abuso sexual agravado, por lo que hicieron la denuncia ante la Fiscal\u00eda Especializada en la Investigaci\u00f3n de Delitos de Violencia Contra la Mujer, Ni\u00f1as, Ni\u00f1os, y Trata de personas.<\/p>\n\n\n\n<p>Este presunto agresor es el padre de la menor, seg\u00fan relataron los familiares, quienes apuntaron que el sujeto ten\u00eda la custodia compartida con la madre de la ni\u00f1a, por lo que se quedaba con la menor durante algunos d\u00edas.<\/p>\n\n\n\n<p>Fue la misma ni\u00f1a, la que cont\u00f3 a su madre a los 6 a\u00f1os, que su padre abusaba constantemente de ella cada que la llevaban a su casa, por lo que se denuncio al agresor y se abrio una carpeta de investigaci\u00f3n, la 33\/2020 con la que se consigui\u00f3 su orden de aprehensi\u00f3n.<\/p>\n\n\n\n<p>Tras finalizar la audiencia inicial el Juez de Control, de determin\u00f3 la legalidad de la detenci\u00f3n y dict\u00f3 un lapso de 2 a\u00f1os de prisi\u00f3n preventiva oficiosa mientras contin\u00faan las investigaciones en su contra.<\/p>\n\n\n\n<p>Este sujeto podr\u00eda elevar su pena, pues no solo ser\u00eda la \u00fanica v\u00edctima, aunque se encuentran en espera de m\u00e1s denuncias de otros padres de familia que acusan tambi\u00e9n a la misma persona de enamorar y abusar de sus hijas.<\/p>\n","protected":false},"excerpt":{"rendered":"<p>Alejandro \u00c1vila Veracruz, Ver.- Fue presentado ante un Juez de Control en el municipio de Veracruz, un sujeto que hab\u00eda presuntamente abusado sexualmente de su hija, por lo que fue detenido por Polic\u00edas Ministeriales. El detenido responde al nombre de Juan Fernando R.R. quien es un presunto pederasta de 42 a\u00f1os y quien vive en [&hellip;]<\/p>\n","protected":false},"author":1,"featured_media":8722,"comment_status":"open","ping_status":"open","sticky":false,"template":"","format":"standard","meta":{"_jetpack_memberships_contains_paid_content":false,"footnotes":""},"categories":[14],"tags":[],"class_list":["post-8721","post","type-post","status-publish","format-standard","has-post-thumbnail","hentry","category-policiaca"],"jetpack_featured_media_url":"https:\/\/encuentroinformativo.com.mx\/wp-content\/uploads\/2020\/12\/CC4614A7-C25F-441C-ABCE-FAAF471506EF.jpeg","jetpack_sharing_enabled":true,"jetpack_likes_enabled":true,"amp_enabled":true,"_links":{"self":[{"href":"https:\/\/encuentroinformativo.com.mx\/index.php?rest_route=\/wp\/v2\/posts\/8721","targetHints":{"allow":["GET"]}}],"collection":[{"href":"https:\/\/encuentroinformativo.com.mx\/index.php?rest_route=\/wp\/v2\/posts"}],"about":[{"href":"https:\/\/encuentroinformativo.com.mx\/index.php?rest_route=\/wp\/v2\/types\/post"}],"author":[{"embeddable":true,"href":"https:\/\/encuentroinformativo.com.mx\/index.php?rest_route=\/wp\/v2\/users\/1"}],"replies":[{"embeddable":true,"href":"https:\/\/encuentroinformativo.com.mx\/index.php?rest_route=%2Fwp%2Fv2%2Fcomments&post=8721"}],"version-history":[{"count":1,"href":"https:\/\/encuentroinformativo.com.mx\/index.php?rest_route=\/wp\/v2\/posts\/8721\/revisions"}],"predecessor-version":[{"id":8723,"href":"https:\/\/encuentroinformativo.com.mx\/index.php?rest_route=\/wp\/v2\/posts\/8721\/revisions\/8723"}],"wp:featuredmedia":[{"embeddable":true,"href":"https:\/\/encuentroinformativo.com.mx\/index.php?rest_route=\/wp\/v2\/media\/8722"}],"wp:attachment":[{"href":"https:\/\/encuentroinformativo.com.mx\/index.php?rest_route=%2Fwp%2Fv2%2Fmedia&parent=8721"}],"wp:term":[{"taxonomy":"category","embeddable":true,"href":"https:\/\/encuentroinformativo.com.mx\/index.php?rest_route=%2Fwp%2Fv2%2Fcategories&post=8721"},{"taxonomy":"post_tag","embeddable":true,"href":"https:\/\/encuentroinformativo.com.mx\/index.php?rest_route=%2Fwp%2Fv2%2Ftags&post=8721"}],"curies":[{"name":"wp","href":"https:\/\/api.w.org\/{rel}","templated":true}]}}