{"id":8737,"date":"2020-12-03T12:16:24","date_gmt":"2020-12-03T18:16:24","guid":{"rendered":"https:\/\/encuentroinformativo.com.mx\/?p=8737"},"modified":"2020-12-03T12:16:26","modified_gmt":"2020-12-03T18:16:26","slug":"migrantes-cada-vez-mas-autonomos-especialistas","status":"publish","type":"post","link":"https:\/\/encuentroinformativo.com.mx\/?p=8737","title":{"rendered":"Migrantes cada vez m\u00e1s aut\u00f3nomos: Especialistas"},"content":{"rendered":"\n<p>Ciudad de M\u00e9xico.- M\u00e9xico es el segundo pa\u00eds con mayor volumen de poblaci\u00f3n de migrantes a nivel mundial y, de acuerdo con la Agencia de las Naciones Unidas para los Refugiados (ACNUR), tambi\u00e9n ocupa esa posici\u00f3n con el mayor n\u00famero de mujeres emigrantes, afirm\u00f3 Tamara Mart\u00ednez Ru\u00edz, coordinadora de Igualdad de G\u00e9nero de la UNAM.<\/p>\n\n\n\n<p>\u201cEn los \u00faltimos a\u00f1os, nuestro pa\u00eds se ha convertido en territorio de paso de miles de migrantes centro y sudamericanas. En Colombia, por su parte, las personas desplazadas forman el grupo m\u00e1s numeroso de v\u00edctimas de la violencia, cerca de ocho millones, seg\u00fan cifras del gobierno colombiano, y entre ellas las mujeres son mayor\u00eda\u201d, agreg\u00f3 al inaugurar en l\u00ednea el tercer foro Cultura, G\u00e9nero y Movilidad Humana.<\/p>\n\n\n\n<p>Para analizar la problem\u00e1tica de estas poblaciones migrantes, con \u00e9nfasis en la lucha contra la violencia hacia las mujeres, se realiza esta actividad en redes sociales a partir de hoy y hasta el 4 de diciembre, con la participaci\u00f3n de acad\u00e9micas, defensoras de derechos humanos, activistas y artistas de M\u00e9xico, Colombia, Espa\u00f1a e Italia.<\/p>\n\n\n\n<p>El foro nace del trabajo conjunto entre la UNAM, a trav\u00e9s del Centro de Estudios Mexicanos (CEM) UNAM-Espa\u00f1a, la Coordinaci\u00f3n de Igualdad de G\u00e9nero y la Coordinaci\u00f3n de Difusi\u00f3n Cultural; la Universidad Aut\u00f3noma de Madrid, ONU Mujeres Colombia, el Centro de Formaci\u00f3n de la Cooperaci\u00f3n Espa\u00f1ola en Colombia y la Casa de Espa\u00f1a en M\u00e9xico. \u201cEs un trabajo de red solidario y generoso\u201d, resumi\u00f3 Mart\u00ednez Ru\u00edz.<\/p>\n\n\n\n<p>Sandra Lorenzano Schifrin, moderadora del foro y directora de Cultura y Comunicaci\u00f3n de la Coordinaci\u00f3n de Igualdad de G\u00e9nero de la UNAM, destac\u00f3: en el mundo hay alrededor de 272 millones de personas migrantes, de las cuales la mitad son mujeres que salen de su tierra, de aquello que conocen y aman, en busca de mejores condiciones de vida para sus familias.<\/p>\n\n\n\n<p>\u201cEn las \u00faltimas d\u00e9cadas han dejado de ser las acompa\u00f1antes de los hombres migrantes como eran en otras \u00e9pocas, y se han transformado en migrantes aut\u00f3nomas e independientes\u201d, se\u00f1al\u00f3.<\/p>\n\n\n\n<p>Patricia Fern\u00e1ndez Pacheco, de ONU Mujeres Colombia, destac\u00f3 que aunque las experiencias de movilidad humana tienen muchas diferencias, tambi\u00e9n comparten elementos comunes que pueden ser la base para construir respuestas efectivas.<\/p>\n\n\n\n<p>Se pronunci\u00f3 por promover desde los esfuerzos internaciones e institucionales la tolerancia cero hacia la discriminaci\u00f3n y la violencia hacia las mujeres, as\u00ed como mirar sus nuevos roles como migrantes y desplazadas desde su capacidad de transformar.<\/p>\n\n\n\n<p>Andr\u00e9s Ord\u00f3\u00f1ez G\u00f3mez, titular del Centro de Estudios Mexicanos (CEM) UNAM-Espa\u00f1a, consider\u00f3 que con estos nuevos esfuerzos de discusi\u00f3n y an\u00e1lisis, las acad\u00e9micas y activistas de g\u00e9nero generan un nuevo tipo de masculinidad que va a rendir frutos \u201cy nos va a hacer part\u00edcipes de un mundo m\u00e1s justo y equilibrado; lo est\u00e1n haciendo ya desde la perspectiva femenina\u201d, acot\u00f3.<\/p>\n\n\n\n<p>Sof\u00eda Mata Modr\u00f3n, del Centro de Formaci\u00f3n de la Cooperaci\u00f3n Espa\u00f1ola en Colombia, se refiri\u00f3 a la importancia de las sinergias y del di\u00e1logo entre instituciones de diversos pa\u00edses para poner sobre la mesa estos problemas de migraci\u00f3n forzada y proponer soluciones.<\/p>\n\n\n\n<p>Para Carmen de la Guardia Herrera, de la Universidad Aut\u00f3noma de Madrid, con este tercer foro los participantes institucionalizan un espacio de debate, compromiso y aprendizaje.<\/p>\n\n\n\n<p><strong>Actividades<\/strong><\/p>\n\n\n\n<p>La migraci\u00f3n, los desplazamientos y la violencia de g\u00e9nero son los n\u00facleos sobre los que se reflexiona en esta tercera edici\u00f3n, al considerar de manera especial el papel jugado por la cultura en la construcci\u00f3n de la paz. Con ello, la UNAM busca generar un espacio para el di\u00e1logo entre responsables de programas sociales y de cooperaci\u00f3n, acad\u00e9micos, activistas y creadores.<\/p>\n","protected":false},"excerpt":{"rendered":"<p>Ciudad de M\u00e9xico.- M\u00e9xico es el segundo pa\u00eds con mayor volumen de poblaci\u00f3n de migrantes a nivel mundial y, de acuerdo con la Agencia de las Naciones Unidas para los Refugiados (ACNUR), tambi\u00e9n ocupa esa posici\u00f3n con el mayor n\u00famero de mujeres emigrantes, afirm\u00f3 Tamara Mart\u00ednez Ru\u00edz, coordinadora de Igualdad de G\u00e9nero de la UNAM. [&hellip;]<\/p>\n","protected":false},"author":1,"featured_media":4854,"comment_status":"open","ping_status":"open","sticky":false,"template":"","format":"standard","meta":{"_jetpack_memberships_contains_paid_content":false,"footnotes":""},"categories":[2],"tags":[],"class_list":["post-8737","post","type-post","status-publish","format-standard","has-post-thumbnail","hentry","category-estado"],"jetpack_featured_media_url":"https:\/\/encuentroinformativo.com.mx\/wp-content\/uploads\/2020\/08\/AD8DC5F6-FEA1-4FF4-806C-0FB922FDE239.jpeg","jetpack_sharing_enabled":true,"jetpack_likes_enabled":true,"amp_enabled":true,"_links":{"self":[{"href":"https:\/\/encuentroinformativo.com.mx\/index.php?rest_route=\/wp\/v2\/posts\/8737","targetHints":{"allow":["GET"]}}],"collection":[{"href":"https:\/\/encuentroinformativo.com.mx\/index.php?rest_route=\/wp\/v2\/posts"}],"about":[{"href":"https:\/\/encuentroinformativo.com.mx\/index.php?rest_route=\/wp\/v2\/types\/post"}],"author":[{"embeddable":true,"href":"https:\/\/encuentroinformativo.com.mx\/index.php?rest_route=\/wp\/v2\/users\/1"}],"replies":[{"embeddable":true,"href":"https:\/\/encuentroinformativo.com.mx\/index.php?rest_route=%2Fwp%2Fv2%2Fcomments&post=8737"}],"version-history":[{"count":1,"href":"https:\/\/encuentroinformativo.com.mx\/index.php?rest_route=\/wp\/v2\/posts\/8737\/revisions"}],"predecessor-version":[{"id":8738,"href":"https:\/\/encuentroinformativo.com.mx\/index.php?rest_route=\/wp\/v2\/posts\/8737\/revisions\/8738"}],"wp:featuredmedia":[{"embeddable":true,"href":"https:\/\/encuentroinformativo.com.mx\/index.php?rest_route=\/wp\/v2\/media\/4854"}],"wp:attachment":[{"href":"https:\/\/encuentroinformativo.com.mx\/index.php?rest_route=%2Fwp%2Fv2%2Fmedia&parent=8737"}],"wp:term":[{"taxonomy":"category","embeddable":true,"href":"https:\/\/encuentroinformativo.com.mx\/index.php?rest_route=%2Fwp%2Fv2%2Fcategories&post=8737"},{"taxonomy":"post_tag","embeddable":true,"href":"https:\/\/encuentroinformativo.com.mx\/index.php?rest_route=%2Fwp%2Fv2%2Ftags&post=8737"}],"curies":[{"name":"wp","href":"https:\/\/api.w.org\/{rel}","templated":true}]}}