{"id":8739,"date":"2020-12-03T12:29:21","date_gmt":"2020-12-03T18:29:21","guid":{"rendered":"https:\/\/encuentroinformativo.com.mx\/?p=8739"},"modified":"2020-12-03T12:29:25","modified_gmt":"2020-12-03T18:29:25","slug":"alianza-y-la-desconfianza-ciudadana","status":"publish","type":"post","link":"https:\/\/encuentroinformativo.com.mx\/?p=8739","title":{"rendered":"Alianza y la desconfianza ciudadana"},"content":{"rendered":"\n<p><strong>Los Pol\u00edticos<\/strong><\/p>\n\n\n\n<p><strong>Salvador Mu\u00f1oz<\/strong><\/p>\n\n\n\n<p>A dos a\u00f1os de que Morena asumi\u00f3 el poder en el \u00e1mbito federal y estatal (en algunos casos, lleva tres a\u00f1os en el escenario municipal) creo que cada veracruzano tiene un panorama o una idea de lo que est\u00e1 bien hecho o mal hecho. Yo tengo mi propia percepci\u00f3n de esta tr\u00edada. La oposici\u00f3n igual.<\/p>\n\n\n\n<p>Para ellos, para la oposici\u00f3n, el papel como autoridades del presidente L\u00f3pez Obrador, como del gobernador Cuitl\u00e1huac Garc\u00eda Jim\u00e9nez, y en el caso de Xalapa, Poza Rica, Mina, Coatzacoalcos, por citar los m\u00e1s grandes y fuertes municipios, puede ser catalogado como catastr\u00f3fico y se ha exhibido con datos, cifras, n\u00fameros fr\u00edos y hasta con esas inc\u00f3modas comparaciones, no s\u00f3lo con gobiernos anteriores, sino hasta con sus propias palabras o promesas rotas o incumplidas, como por ejemplo, siendo lo m\u00e1s reciente, el caso de Dinamarca y sus servicios de Salud, de parte de AMLO; el \u201cabatir\u201d la delincuencia en dos a\u00f1os, de parte de Cuitl\u00e1huac Garc\u00eda; o la pelea est\u00e9ril de Hip\u00f3lito Rodr\u00edguez Herrero, contra los empresarios xalape\u00f1os.<\/p>\n\n\n\n<p>De Poza Rica, Coatza o Mina, que hablen sus ciudadanos.<\/p>\n\n\n\n<p>Conste\u2026 esto es el lado de la oposici\u00f3n\u2026 los partidistas de la Cuarta Transformaci\u00f3n deben tener una visi\u00f3n totalmente contraria y respetable\u2026<\/p>\n\n\n\n<p>As\u00ed como es respetable la postura de unos como la de los otros, realmente la m\u00e1s importante, con miras a estas elecciones intermedias, es la del ciudadano, sin siglas ni colores.<\/p>\n\n\n\n<p>El ciudadano tiene un receptor de la situaci\u00f3n econ\u00f3mica (la mayor parte de las veces) por la que atraviesa: el Gobierno. Si la delincuencia lo hace objetivo de sus planes a \u00e9l, a un familiar, amigo o vecino\u2026 si no hay medicinas, si no hay cirujano, si no hay citas, el Covid, la pandemia\u2026 si hay un bache, si no pasa la basura, si se va el agua, el gobierno es el malo de la pel\u00edcula. Pocos casos, extraordinarios, en donde una sociedad, en donde los ciudadanos, los gobernados, hacen un reconocimiento a sus autoridades, aunque la forma m\u00e1s sencilla de hacerlo es en cada proceso electoral, ya sea refrendando su voto en las siglas o porque hay la garant\u00eda de que el buen gobierno tendr\u00e1 continuidad con la nueva propuesta.<\/p>\n\n\n\n<p>\u00bfPor qu\u00e9 enfocarnos en Morena? Por una sencilla raz\u00f3n: son quienes gobiernan, al menos en el \u00e1mbito federal y estatal; de pil\u00f3n nos toca el municipal as\u00ed como la mayor\u00eda legislativa, tanto en el altiplano como en la aldea. Ya a los que les gobierne PAN, PRI, PRD u otras siglas, han de tener igual su propia opini\u00f3n que se puede concatenar con la de Morena o no.<\/p>\n\n\n\n<p>Ahora bien, le pregunto al lector, despojado de sus colores, de sus ideolog\u00edas, de sus siglas: \u00bfvotar\u00eda por el partido de esa autoridad que hoy est\u00e1 en el poder, asumiendo \u00e9sta como Morena? Teniendo a la vuelta de la esquina el 2021, visualice entonces a su alcalde (si es de ese partido), a su diputado local y al federal.<\/p>\n\n\n\n<p>Si la oposici\u00f3n tiene raz\u00f3n, es decir, que el Gobierno en el poder (en el \u00e1mbito federal como estatal\u2026 y hasta municipal) es un fiasco, \u00bfdebe confiar en que el ciudadano votar\u00e1 en contra de Morena?<\/p>\n\n\n\n<p>En lo que se observa, s\u00f3lo veo a Movimiento Ciudadano confiando en el veracruzano (si s\u00f3lo nos ubicamos en la entidad) y est\u00e1 seguro que por todas las lindezas que le endilgan al Gobierno de AMLO, Cuitl\u00e1huac y municipios gobernados por Morena, no votar\u00e1 en este 2021 por el partido de L\u00f3pez Obrador\u2026 conste, que eso tampoco implica que lo haga por el partido de Dante\u2026 ahora, en el resto de los partidos, tengo una duda: o no conf\u00edan en el criterio ciudadano, o no conf\u00edan en sus n\u00fameros electorales; quiz\u00e1s por eso apuesten a una alianza. Aunque dicho sea de paso, en el caso del partido en el poder, no escapa tampoco a la duda que conlleva a una alianza con el PT y el Verde Ecologista aunque con una ligera variante:&nbsp; quiz\u00e1s no sea desconfianza al ciudadano o a sus n\u00fameros, sino sea una forma de aceptar de cierto modo, que la oposici\u00f3n tiene raz\u00f3n en sus se\u00f1alamientos y no conf\u00edan ni en el papel desempe\u00f1ado ahora que son gobierno.<\/p>\n\n\n\n<p><a href=\"mailto:smcainito@gmail.com\" target=\"_blank\" rel=\"noreferrer noopener\">smcainito@gmail.com<\/a><\/p>\n","protected":false},"excerpt":{"rendered":"<p>Los Pol\u00edticos Salvador Mu\u00f1oz A dos a\u00f1os de que Morena asumi\u00f3 el poder en el \u00e1mbito federal y estatal (en algunos casos, lleva tres a\u00f1os en el escenario municipal) creo que cada veracruzano tiene un panorama o una idea de lo que est\u00e1 bien hecho o mal hecho. Yo tengo mi propia percepci\u00f3n de esta [&hellip;]<\/p>\n","protected":false},"author":1,"featured_media":387,"comment_status":"open","ping_status":"open","sticky":false,"template":"","format":"standard","meta":{"_jetpack_memberships_contains_paid_content":false,"footnotes":""},"categories":[11],"tags":[],"class_list":["post-8739","post","type-post","status-publish","format-standard","has-post-thumbnail","hentry","category-opinion"],"jetpack_featured_media_url":"https:\/\/encuentroinformativo.com.mx\/wp-content\/uploads\/2020\/03\/7CF8A22B-2764-47BE-8F7F-38FE9E5D6A2F.jpeg","jetpack_sharing_enabled":true,"jetpack_likes_enabled":true,"amp_enabled":true,"_links":{"self":[{"href":"https:\/\/encuentroinformativo.com.mx\/index.php?rest_route=\/wp\/v2\/posts\/8739","targetHints":{"allow":["GET"]}}],"collection":[{"href":"https:\/\/encuentroinformativo.com.mx\/index.php?rest_route=\/wp\/v2\/posts"}],"about":[{"href":"https:\/\/encuentroinformativo.com.mx\/index.php?rest_route=\/wp\/v2\/types\/post"}],"author":[{"embeddable":true,"href":"https:\/\/encuentroinformativo.com.mx\/index.php?rest_route=\/wp\/v2\/users\/1"}],"replies":[{"embeddable":true,"href":"https:\/\/encuentroinformativo.com.mx\/index.php?rest_route=%2Fwp%2Fv2%2Fcomments&post=8739"}],"version-history":[{"count":1,"href":"https:\/\/encuentroinformativo.com.mx\/index.php?rest_route=\/wp\/v2\/posts\/8739\/revisions"}],"predecessor-version":[{"id":8740,"href":"https:\/\/encuentroinformativo.com.mx\/index.php?rest_route=\/wp\/v2\/posts\/8739\/revisions\/8740"}],"wp:featuredmedia":[{"embeddable":true,"href":"https:\/\/encuentroinformativo.com.mx\/index.php?rest_route=\/wp\/v2\/media\/387"}],"wp:attachment":[{"href":"https:\/\/encuentroinformativo.com.mx\/index.php?rest_route=%2Fwp%2Fv2%2Fmedia&parent=8739"}],"wp:term":[{"taxonomy":"category","embeddable":true,"href":"https:\/\/encuentroinformativo.com.mx\/index.php?rest_route=%2Fwp%2Fv2%2Fcategories&post=8739"},{"taxonomy":"post_tag","embeddable":true,"href":"https:\/\/encuentroinformativo.com.mx\/index.php?rest_route=%2Fwp%2Fv2%2Ftags&post=8739"}],"curies":[{"name":"wp","href":"https:\/\/api.w.org\/{rel}","templated":true}]}}