{"id":8741,"date":"2020-12-03T12:53:29","date_gmt":"2020-12-03T18:53:29","guid":{"rendered":"https:\/\/encuentroinformativo.com.mx\/?p=8741"},"modified":"2020-12-03T12:53:32","modified_gmt":"2020-12-03T18:53:32","slug":"tendra-veracruz-puerto-playa-inclusiva","status":"publish","type":"post","link":"https:\/\/encuentroinformativo.com.mx\/?p=8741","title":{"rendered":"Tendr\u00e1 Veracruz puerto playa inclusiva"},"content":{"rendered":"\n<p><strong>Alejandro \u00c1vila<\/strong><\/p>\n\n\n\n<p>Veracruz, Ver.- El Ayuntamiento de Veracruz trabaja a trav\u00e9s de la direcci\u00f3n de Obras P\u00fablicas en el proyecto para crear una playa inclusiva en el municipio, acci\u00f3n que los colocar\u00eda como el primer municipio del Estado con un espacio para personas con discapacidad.<\/p>\n\n\n\n<p>En M\u00e9xico, solos dos Estados cuentan con playas incluyentes, la primera a nivel nacional fue Cuastecomate en Jalisco; posteriormente le siguieron Playa Caribe, Punta Esmeralda y Playa 88 en Playa del Carmen, adem\u00e1s de Playa las Perlas en Canc\u00fan, todo esto en el Estado de Quintana Roo.<\/p>\n\n\n\n<p>\u201cEstamos trabajando para el a\u00f1o que entra poder hacer la primer playa inclusiva de todo el Estado de Veracruz, la primer playa donde pudieran disfrutarla cualquiera de ustedes en una silla de ruedas, a refrescarse, a mojarse los pies, a ba\u00f1arse en el hermosos mar que tenemos los veracruzanos, pero que hoy desgraciadamente no tienen los elementos de infraestructura para que todos lo podamos disfrutar\u201d, dijo el alcalde Fernando Yunes M\u00e1rquez.<\/p>\n\n\n\n<p>En su discurso en el DIF de Matamoros cuando hac\u00eda entrega de aparatos funcionales a personas con discapacidad, el presidente municipal resalt\u00f3 que desde que asumi\u00f3 su cargo se propuso hacer de la ciudad un espacio m\u00e1s inclusivo, prueba de ello es el parque inclusivo en la avenida 20 de noviembre y el n\u00famero de apoyo funcionales que se entregan a trav\u00e9s del DIF Municipal, superando por a\u00f1o a administraciones anteriores.<\/p>\n\n\n\n<p>\u201cVamos a ser uno de los primeros municipios del pa\u00eds que tenga una playa inclusiva para que todos puedan disfrutar de ella, estamos trabajando para eso y el a\u00f1o que entra estoy seguro que vamos a llevar a que sea una realidad\u201d, sentenci\u00f3 el edil panista.<\/p>\n\n\n\n<p>Esta playa inclusiva contempla un terreno plano, sin desniveles ni obst\u00e1culos, se\u00f1al\u00e9tica con m\u00e9todo braille, as\u00ed como sillas anfibias y muletas especiales para caminar por la arena; adem\u00e1s de personal m\u00e9dico capacitado para dar atenci\u00f3n ante cualquier circunstancia.<\/p>\n","protected":false},"excerpt":{"rendered":"<p>Alejandro \u00c1vila Veracruz, Ver.- El Ayuntamiento de Veracruz trabaja a trav\u00e9s de la direcci\u00f3n de Obras P\u00fablicas en el proyecto para crear una playa inclusiva en el municipio, acci\u00f3n que los colocar\u00eda como el primer municipio del Estado con un espacio para personas con discapacidad. En M\u00e9xico, solos dos Estados cuentan con playas incluyentes, la [&hellip;]<\/p>\n","protected":false},"author":1,"featured_media":8742,"comment_status":"open","ping_status":"open","sticky":false,"template":"","format":"standard","meta":{"_jetpack_memberships_contains_paid_content":false,"footnotes":""},"categories":[2],"tags":[],"class_list":["post-8741","post","type-post","status-publish","format-standard","has-post-thumbnail","hentry","category-estado"],"jetpack_featured_media_url":"https:\/\/encuentroinformativo.com.mx\/wp-content\/uploads\/2020\/12\/CAE1F70C-77B0-4423-ADFA-332DFFB1FCBE.jpeg","jetpack_sharing_enabled":true,"jetpack_likes_enabled":true,"amp_enabled":true,"_links":{"self":[{"href":"https:\/\/encuentroinformativo.com.mx\/index.php?rest_route=\/wp\/v2\/posts\/8741","targetHints":{"allow":["GET"]}}],"collection":[{"href":"https:\/\/encuentroinformativo.com.mx\/index.php?rest_route=\/wp\/v2\/posts"}],"about":[{"href":"https:\/\/encuentroinformativo.com.mx\/index.php?rest_route=\/wp\/v2\/types\/post"}],"author":[{"embeddable":true,"href":"https:\/\/encuentroinformativo.com.mx\/index.php?rest_route=\/wp\/v2\/users\/1"}],"replies":[{"embeddable":true,"href":"https:\/\/encuentroinformativo.com.mx\/index.php?rest_route=%2Fwp%2Fv2%2Fcomments&post=8741"}],"version-history":[{"count":1,"href":"https:\/\/encuentroinformativo.com.mx\/index.php?rest_route=\/wp\/v2\/posts\/8741\/revisions"}],"predecessor-version":[{"id":8743,"href":"https:\/\/encuentroinformativo.com.mx\/index.php?rest_route=\/wp\/v2\/posts\/8741\/revisions\/8743"}],"wp:featuredmedia":[{"embeddable":true,"href":"https:\/\/encuentroinformativo.com.mx\/index.php?rest_route=\/wp\/v2\/media\/8742"}],"wp:attachment":[{"href":"https:\/\/encuentroinformativo.com.mx\/index.php?rest_route=%2Fwp%2Fv2%2Fmedia&parent=8741"}],"wp:term":[{"taxonomy":"category","embeddable":true,"href":"https:\/\/encuentroinformativo.com.mx\/index.php?rest_route=%2Fwp%2Fv2%2Fcategories&post=8741"},{"taxonomy":"post_tag","embeddable":true,"href":"https:\/\/encuentroinformativo.com.mx\/index.php?rest_route=%2Fwp%2Fv2%2Ftags&post=8741"}],"curies":[{"name":"wp","href":"https:\/\/api.w.org\/{rel}","templated":true}]}}