{"id":8744,"date":"2020-12-03T13:54:55","date_gmt":"2020-12-03T19:54:55","guid":{"rendered":"https:\/\/encuentroinformativo.com.mx\/?p=8744"},"modified":"2020-12-03T13:54:58","modified_gmt":"2020-12-03T19:54:58","slug":"freno-covid-proyectos-de-museos-en-boca-del-rio","status":"publish","type":"post","link":"https:\/\/encuentroinformativo.com.mx\/?p=8744","title":{"rendered":"Fren\u00f3 COVID proyectos de museos en Boca del R\u00edo"},"content":{"rendered":"\n<p><strong>Alejandro \u00c1vila<\/strong><\/p>\n\n\n\n<p>Boca del R\u00edo, Ver.- El alcalde de Boca del R\u00edo Humberto Alonso Morelli, confirm\u00f3 que a\u00fan restan tres museos y dos galer\u00edas por terminar para poder completar el proyecto del Sistema Museogr\u00e1fico Municipal, y aunque se ten\u00eda previsto todo estuviera listo para este 2020, la pandemia de COVID-19 retras\u00f3 todos los planes.<\/p>\n\n\n\n<p>Este mi\u00e9rcoles por la noche qued\u00f3 inaugurado el Museo Patria y Libertad que se ubica en el edificio del Registro Civil, donde se expondr\u00e1n m\u00e1s de 115 piezas, existe un mural pintado por un artistas local, y ser\u00e1 totalmente gratuito en horario de 9 de la ma\u00f1ana a 5 de la tarde.<\/p>\n\n\n\n<p>\u201cPretendemos abrir tres m\u00e1s, bueno\u2026tres m\u00e1s y dos galer\u00edas, yo creo que el pr\u00f3ximo a\u00f1o, las galer\u00edas los edificios ya los tenemos que es el Foro Boca, una parte de las \u00e1reas comunes ser\u00eda galer\u00eda, y tambi\u00e9n el teatro Fernando Guti\u00e9rrez Barrios, el Museo de los Piratas que est\u00e1 casi terminado, y el museo del Mar que fue una tienda Oxxo ah\u00ed por el Cachimba, una donaci\u00f3n de Oxxo, estamos en los tramites de la sesi\u00f3n de los derechos y de la zona federal mar\u00edtima, y bueno, ah\u00ed vamos a exhibir una importante colecci\u00f3n de piezas relacionadas al ambiente marino\u201d, se\u00f1al\u00f3 el alcalde.<\/p>\n\n\n\n<p>Si bien se pretend\u00eda tener todo listo para 2020 y que en 2021, en \u00faltimo a\u00f1o de administraci\u00f3n se realizara un proyecto mercadol\u00f3gico que atrajera m\u00e1s turismo al Sistema Museogr\u00e1fico Municipal, el edil panista reconoci\u00f3 los atrasos, y lo complicado que ha sido reactivar el Museo de la Moneda, el primero de la red, pero confi\u00f3 en que a partir de este mes los trabajos no cesen y puedan tener todo listo en el primer trimestre de 2021.<\/p>\n\n\n\n<p>Finalmente, Humberto Alonso Morelli dijo que el hecho de que todos los museos y galer\u00edas que pertenecer\u00e1n al Sistema Museogr\u00e1fico Municipal se encuentren en edificios p\u00fablicos, esto diluye el costo de operaci\u00f3n, por lo que hace m\u00e1s f\u00e1cil que sean sustentables.<\/p>\n","protected":false},"excerpt":{"rendered":"<p>Alejandro \u00c1vila Boca del R\u00edo, Ver.- El alcalde de Boca del R\u00edo Humberto Alonso Morelli, confirm\u00f3 que a\u00fan restan tres museos y dos galer\u00edas por terminar para poder completar el proyecto del Sistema Museogr\u00e1fico Municipal, y aunque se ten\u00eda previsto todo estuviera listo para este 2020, la pandemia de COVID-19 retras\u00f3 todos los planes. Este [&hellip;]<\/p>\n","protected":false},"author":1,"featured_media":8745,"comment_status":"open","ping_status":"open","sticky":false,"template":"","format":"standard","meta":{"_jetpack_memberships_contains_paid_content":false,"footnotes":""},"categories":[3],"tags":[],"class_list":["post-8744","post","type-post","status-publish","format-standard","has-post-thumbnail","hentry","category-xalapa"],"jetpack_featured_media_url":"https:\/\/encuentroinformativo.com.mx\/wp-content\/uploads\/2020\/12\/BC43EC09-338C-4D32-B319-FB1A35238D36.jpeg","jetpack_sharing_enabled":true,"jetpack_likes_enabled":true,"amp_enabled":true,"_links":{"self":[{"href":"https:\/\/encuentroinformativo.com.mx\/index.php?rest_route=\/wp\/v2\/posts\/8744","targetHints":{"allow":["GET"]}}],"collection":[{"href":"https:\/\/encuentroinformativo.com.mx\/index.php?rest_route=\/wp\/v2\/posts"}],"about":[{"href":"https:\/\/encuentroinformativo.com.mx\/index.php?rest_route=\/wp\/v2\/types\/post"}],"author":[{"embeddable":true,"href":"https:\/\/encuentroinformativo.com.mx\/index.php?rest_route=\/wp\/v2\/users\/1"}],"replies":[{"embeddable":true,"href":"https:\/\/encuentroinformativo.com.mx\/index.php?rest_route=%2Fwp%2Fv2%2Fcomments&post=8744"}],"version-history":[{"count":1,"href":"https:\/\/encuentroinformativo.com.mx\/index.php?rest_route=\/wp\/v2\/posts\/8744\/revisions"}],"predecessor-version":[{"id":8746,"href":"https:\/\/encuentroinformativo.com.mx\/index.php?rest_route=\/wp\/v2\/posts\/8744\/revisions\/8746"}],"wp:featuredmedia":[{"embeddable":true,"href":"https:\/\/encuentroinformativo.com.mx\/index.php?rest_route=\/wp\/v2\/media\/8745"}],"wp:attachment":[{"href":"https:\/\/encuentroinformativo.com.mx\/index.php?rest_route=%2Fwp%2Fv2%2Fmedia&parent=8744"}],"wp:term":[{"taxonomy":"category","embeddable":true,"href":"https:\/\/encuentroinformativo.com.mx\/index.php?rest_route=%2Fwp%2Fv2%2Fcategories&post=8744"},{"taxonomy":"post_tag","embeddable":true,"href":"https:\/\/encuentroinformativo.com.mx\/index.php?rest_route=%2Fwp%2Fv2%2Ftags&post=8744"}],"curies":[{"name":"wp","href":"https:\/\/api.w.org\/{rel}","templated":true}]}}