{"id":8747,"date":"2020-12-03T14:04:38","date_gmt":"2020-12-03T20:04:38","guid":{"rendered":"https:\/\/encuentroinformativo.com.mx\/?p=8747"},"modified":"2020-12-03T14:04:41","modified_gmt":"2020-12-03T20:04:41","slug":"liberan-ima-en-veracruz-instalaran-mesas-de-trabajo","status":"publish","type":"post","link":"https:\/\/encuentroinformativo.com.mx\/?p=8747","title":{"rendered":"Liberan IMA en Veracruz instalar\u00e1n mesas de trabajo"},"content":{"rendered":"\n<p><strong>Alejandro \u00c1vila<\/strong><\/p>\n\n\n\n<p>Veracruz, Ver.- Tras un di\u00e1logo con la direcci\u00f3n de Gobernaci\u00f3n del Ayuntamiento de Veracruz, integrantes del Movimiento Renovador Democr\u00e1tico accedieron a liberar las instalaciones del Instituto Metropolitano del Agua, ente que deber\u00eda regular el correcto funcionamiento de la empresa privada Grupo MAS y que a su consideraci\u00f3n deja mucho que desear.<\/p>\n\n\n\n<p>Los ciudadanos que se postraron a las afueras del recinto ubicado en la avenida Ricardo Flores Mag\u00f3n esquina con Paco Pildora desde las 8 de la ma\u00f1ana, hab\u00edan colocado mantas acusando al IMA de un mal funcionamiento, al tiempo que impidieron el acceso a los trabajadores del lugar, asegurando que se mantendr\u00edan ah\u00ed al menos 24 horas.<\/p>\n\n\n\n<p>Fue cerca del mediod\u00eda, donde en dialogo con el director de Gobernaci\u00f3n, Gianfranco Melchor Robinson; el director del IMA, Francisco Garc\u00eda Barradas; y el dirigente del MRD, Marco Antonio Moncayo Parra, se lleg\u00f3 al acuerdo para que liberaran el lugar, con la promesa de iniciar mesas de trabajo para dar seguimiento a cada una de las peticiones de los quejosos.<\/p>\n\n\n\n<p>\u201cLa inconformidad es por la concesi\u00f3n que tiene Grupo MAS, una de la solicitudes es que IMA intervenga como reguladora en las actividades de Grupo MAS, ya que de alguna u otra manera ellos manifiestan que son abusivas, ya se dialog\u00f3 con ellos, se va a iniciar la pr\u00f3xima semana una mesa de di\u00e1logo para tratar de llegar a algunos acuerdos, donde estar\u00e1 presente el director del IMA, para que podamos buscar la soluci\u00f3n a las diferentes quejas que manifiestan los ciudadanos\u201d, apunt\u00f3 Melchor Robinson.<\/p>\n\n\n\n<p>Entre las quejas m\u00e1s recurrentes son el alto cobro a las tarifas, as\u00ed como el taponeo de en tomas de agua y drenajes de los usuarios, los quejosos afirman que el servicio que se brinda no es de calidad y nadie se pone del lado del usuario para regular o \u201capretar\u201d a la empresa Grupo MAS a que cumpla con lo prometido en su concesi\u00f3n.<\/p>\n","protected":false},"excerpt":{"rendered":"<p>Alejandro \u00c1vila Veracruz, Ver.- Tras un di\u00e1logo con la direcci\u00f3n de Gobernaci\u00f3n del Ayuntamiento de Veracruz, integrantes del Movimiento Renovador Democr\u00e1tico accedieron a liberar las instalaciones del Instituto Metropolitano del Agua, ente que deber\u00eda regular el correcto funcionamiento de la empresa privada Grupo MAS y que a su consideraci\u00f3n deja mucho que desear. Los ciudadanos [&hellip;]<\/p>\n","protected":false},"author":1,"featured_media":8748,"comment_status":"open","ping_status":"open","sticky":false,"template":"","format":"standard","meta":{"_jetpack_memberships_contains_paid_content":false,"footnotes":""},"categories":[2],"tags":[],"class_list":["post-8747","post","type-post","status-publish","format-standard","has-post-thumbnail","hentry","category-estado"],"jetpack_featured_media_url":"https:\/\/encuentroinformativo.com.mx\/wp-content\/uploads\/2020\/12\/7C313A91-AA32-436F-BDCB-B34273B7C2B5.jpeg","jetpack_sharing_enabled":true,"jetpack_likes_enabled":true,"amp_enabled":true,"_links":{"self":[{"href":"https:\/\/encuentroinformativo.com.mx\/index.php?rest_route=\/wp\/v2\/posts\/8747","targetHints":{"allow":["GET"]}}],"collection":[{"href":"https:\/\/encuentroinformativo.com.mx\/index.php?rest_route=\/wp\/v2\/posts"}],"about":[{"href":"https:\/\/encuentroinformativo.com.mx\/index.php?rest_route=\/wp\/v2\/types\/post"}],"author":[{"embeddable":true,"href":"https:\/\/encuentroinformativo.com.mx\/index.php?rest_route=\/wp\/v2\/users\/1"}],"replies":[{"embeddable":true,"href":"https:\/\/encuentroinformativo.com.mx\/index.php?rest_route=%2Fwp%2Fv2%2Fcomments&post=8747"}],"version-history":[{"count":1,"href":"https:\/\/encuentroinformativo.com.mx\/index.php?rest_route=\/wp\/v2\/posts\/8747\/revisions"}],"predecessor-version":[{"id":8749,"href":"https:\/\/encuentroinformativo.com.mx\/index.php?rest_route=\/wp\/v2\/posts\/8747\/revisions\/8749"}],"wp:featuredmedia":[{"embeddable":true,"href":"https:\/\/encuentroinformativo.com.mx\/index.php?rest_route=\/wp\/v2\/media\/8748"}],"wp:attachment":[{"href":"https:\/\/encuentroinformativo.com.mx\/index.php?rest_route=%2Fwp%2Fv2%2Fmedia&parent=8747"}],"wp:term":[{"taxonomy":"category","embeddable":true,"href":"https:\/\/encuentroinformativo.com.mx\/index.php?rest_route=%2Fwp%2Fv2%2Fcategories&post=8747"},{"taxonomy":"post_tag","embeddable":true,"href":"https:\/\/encuentroinformativo.com.mx\/index.php?rest_route=%2Fwp%2Fv2%2Ftags&post=8747"}],"curies":[{"name":"wp","href":"https:\/\/api.w.org\/{rel}","templated":true}]}}