{"id":8750,"date":"2020-12-03T14:31:19","date_gmt":"2020-12-03T20:31:19","guid":{"rendered":"https:\/\/encuentroinformativo.com.mx\/?p=8750"},"modified":"2020-12-03T14:31:23","modified_gmt":"2020-12-03T20:31:23","slug":"reclaman-espacios-de-eleccion-popular-para-personas-con-discapacidad","status":"publish","type":"post","link":"https:\/\/encuentroinformativo.com.mx\/?p=8750","title":{"rendered":"Reclaman espacios de elecci\u00f3n popular para personas con discapacidad"},"content":{"rendered":"\n<p><strong>Dar\u00edo Pale <\/strong><\/p>\n\n\n\n<p>Xalapa, Ver.- Javier Landa integrante de la asociaci\u00f3n Gente Peque\u00f1a y Alma Grande, solicit\u00f3 que sean tomados en cuenta sus propuestas y ser representados en los puestos de elecci\u00f3n popular, maderas de que se\u00f1alaron la falta de infraestructura para personas con discapacidad en la capital del estado.<\/p>\n\n\n\n<p>En conferencia de prensa se\u00f1al\u00f3 que los representantes populares desconocen las necesidades de las personas que tienen alguna discapacidad, y\u00a0es que dijo que solamente se acercan a ellos en tiempo electoral y luego se les olvida.<\/p>\n\n\n\n<p>&#8220;Lamentablemente conlleva a que cuando los partidos nos necesitan nos buscan pero cuando nosotros necesitamos no nos reciben nos cierran las puertas, llevamos las propuestas y no nos la toman las archivan y las guardan&#8221;, se\u00f1al\u00f3.<\/p>\n\n\n\n<p>En ese sentido hizo un llamado al gobierno para que los tomen en cuenta en el d\u00eda internacional de la Discapacidad, donde\u00a0la principal necesidad es el acceso a la salud, trabajo digno, concientizar sobre la discapacidad.<\/p>\n\n\n\n<p>Lament\u00f3 que no cuenten con ning\u00fan apoyo ya que muchos tienen sus sillas de ruedas en mal estado y en algunas dependencias las tienen guardadas y no tienen la movilidad adecuada, se\u00f1al\u00f3 que est\u00e1 la ley 822 la que anterior mente es la 222, la cual les permite que cada secretar\u00eda debe de tener personal con discapacidad contratada.<\/p>\n\n\n\n<p>Dio a conocer que en muchas ocasiones en los estacionamientos de las plazas comerciales no respetan los lugares para personas con discapacidad y las autoridades no hacen nada y no aplican la ley cuando en otros pa\u00edses las multas son muy caras para quienes ocupan esos lugares.<\/p>\n\n\n\n<p>Finalmente solicit\u00f3 al gobierno del estado que se pueda crear el instituto de la discapacidad, al igual que existe el de la mujer y darle empleo a personas con discapacidad, no basta con tener muebles de su tama\u00f1o o algunos zapatos en muchas ocasiones no tienen en que moverse a alguna consulta y por falta de Concientizaci\u00f3n de los familiares de personas con discapacidad.<\/p>\n","protected":false},"excerpt":{"rendered":"<p>Dar\u00edo Pale Xalapa, Ver.- Javier Landa integrante de la asociaci\u00f3n Gente Peque\u00f1a y Alma Grande, solicit\u00f3 que sean tomados en cuenta sus propuestas y ser representados en los puestos de elecci\u00f3n popular, maderas de que se\u00f1alaron la falta de infraestructura para personas con discapacidad en la capital del estado. En conferencia de prensa se\u00f1al\u00f3 que [&hellip;]<\/p>\n","protected":false},"author":1,"featured_media":8751,"comment_status":"open","ping_status":"open","sticky":false,"template":"","format":"standard","meta":{"_jetpack_memberships_contains_paid_content":false,"footnotes":""},"categories":[3],"tags":[],"class_list":["post-8750","post","type-post","status-publish","format-standard","has-post-thumbnail","hentry","category-xalapa"],"jetpack_featured_media_url":"https:\/\/encuentroinformativo.com.mx\/wp-content\/uploads\/2020\/12\/93D23FC5-0029-4AAA-8C85-6675684716C3.jpeg","jetpack_sharing_enabled":true,"jetpack_likes_enabled":true,"amp_enabled":true,"_links":{"self":[{"href":"https:\/\/encuentroinformativo.com.mx\/index.php?rest_route=\/wp\/v2\/posts\/8750","targetHints":{"allow":["GET"]}}],"collection":[{"href":"https:\/\/encuentroinformativo.com.mx\/index.php?rest_route=\/wp\/v2\/posts"}],"about":[{"href":"https:\/\/encuentroinformativo.com.mx\/index.php?rest_route=\/wp\/v2\/types\/post"}],"author":[{"embeddable":true,"href":"https:\/\/encuentroinformativo.com.mx\/index.php?rest_route=\/wp\/v2\/users\/1"}],"replies":[{"embeddable":true,"href":"https:\/\/encuentroinformativo.com.mx\/index.php?rest_route=%2Fwp%2Fv2%2Fcomments&post=8750"}],"version-history":[{"count":1,"href":"https:\/\/encuentroinformativo.com.mx\/index.php?rest_route=\/wp\/v2\/posts\/8750\/revisions"}],"predecessor-version":[{"id":8752,"href":"https:\/\/encuentroinformativo.com.mx\/index.php?rest_route=\/wp\/v2\/posts\/8750\/revisions\/8752"}],"wp:featuredmedia":[{"embeddable":true,"href":"https:\/\/encuentroinformativo.com.mx\/index.php?rest_route=\/wp\/v2\/media\/8751"}],"wp:attachment":[{"href":"https:\/\/encuentroinformativo.com.mx\/index.php?rest_route=%2Fwp%2Fv2%2Fmedia&parent=8750"}],"wp:term":[{"taxonomy":"category","embeddable":true,"href":"https:\/\/encuentroinformativo.com.mx\/index.php?rest_route=%2Fwp%2Fv2%2Fcategories&post=8750"},{"taxonomy":"post_tag","embeddable":true,"href":"https:\/\/encuentroinformativo.com.mx\/index.php?rest_route=%2Fwp%2Fv2%2Ftags&post=8750"}],"curies":[{"name":"wp","href":"https:\/\/api.w.org\/{rel}","templated":true}]}}