{"id":8756,"date":"2020-12-03T15:47:44","date_gmt":"2020-12-03T21:47:44","guid":{"rendered":"https:\/\/encuentroinformativo.com.mx\/?p=8756"},"modified":"2020-12-03T15:47:46","modified_gmt":"2020-12-03T21:47:46","slug":"ahora-si-pide-pri-politicas-publicas-para-personas-con-discapacidad","status":"publish","type":"post","link":"https:\/\/encuentroinformativo.com.mx\/?p=8756","title":{"rendered":"\u00a1Ahora s\u00ed! Pide PRI pol\u00edticas p\u00fablicas para personas con discapacidad"},"content":{"rendered":"\n<p><strong>Dar\u00edo Pale <\/strong><\/p>\n\n\n\n<p>Xalapa, Ver.- El gobierno federal como el estatal no tienen una pol\u00edtica P\u00fablica clara para atender las personas con discapacidad, as\u00ed lo inform\u00f3 el\u00a0dirigente estatal del Partido Revolucionario Institucional (PRI), Marlon Ram\u00edrez Mar\u00edn.<\/p>\n\n\n\n<p>En conferencia de prensa realizada en conocido caf\u00e9 del centro de Xalapa, manifest\u00f3 que desapareci\u00f3 el apoyo para el transporte para las personas con discapacidad y los que se otorgan a los deportistas paralimpicos, y\u00a0que por esta situaci\u00f3n tuvieron que recurrir ante las instancias legales para que haga el reglamento para ley con discapacidad.<\/p>\n\n\n\n<p>En otro tema, se\u00f1al\u00f3 que las autoridades no han sabido atender el tema de la pandemia y apoyar a los sectores vulnerables y\u00a0dijo tienen la obligaci\u00f3n de establecer los mecanismo para evitar contagios es el gobierno federal, por lo\u00a0que no puede juzgar la actuaci\u00f3n de la alcaldesa de Xico para llevar a cabo la inauguraci\u00f3n de la Villa navide\u00f1a el pasado fin de semana donde se congregaron cientos de familias.<\/p>\n\n\n\n<p>Dijo que no pod\u00eda emitir alg\u00fan comentario debido a que desconoce las declaraciones que realiz\u00f3 la alcaldesa de Xico sobre que las personas se van a morir de alguna enfermedad ya sea Coronavirus o de cualquier otro padecimiento, por lo que se limit\u00f3 a decir que buscar\u00e1 platicar con ella sobre este tema.<\/p>\n","protected":false},"excerpt":{"rendered":"<p>Dar\u00edo Pale Xalapa, Ver.- El gobierno federal como el estatal no tienen una pol\u00edtica P\u00fablica clara para atender las personas con discapacidad, as\u00ed lo inform\u00f3 el\u00a0dirigente estatal del Partido Revolucionario Institucional (PRI), Marlon Ram\u00edrez Mar\u00edn. En conferencia de prensa realizada en conocido caf\u00e9 del centro de Xalapa, manifest\u00f3 que desapareci\u00f3 el apoyo para el transporte [&hellip;]<\/p>\n","protected":false},"author":1,"featured_media":8757,"comment_status":"open","ping_status":"open","sticky":false,"template":"","format":"standard","meta":{"_jetpack_memberships_contains_paid_content":false,"footnotes":""},"categories":[2],"tags":[],"class_list":["post-8756","post","type-post","status-publish","format-standard","has-post-thumbnail","hentry","category-estado"],"jetpack_featured_media_url":"https:\/\/encuentroinformativo.com.mx\/wp-content\/uploads\/2020\/12\/6C724D45-F617-4874-B0D0-17AE96FAC10A.jpeg","jetpack_sharing_enabled":true,"jetpack_likes_enabled":true,"amp_enabled":true,"_links":{"self":[{"href":"https:\/\/encuentroinformativo.com.mx\/index.php?rest_route=\/wp\/v2\/posts\/8756","targetHints":{"allow":["GET"]}}],"collection":[{"href":"https:\/\/encuentroinformativo.com.mx\/index.php?rest_route=\/wp\/v2\/posts"}],"about":[{"href":"https:\/\/encuentroinformativo.com.mx\/index.php?rest_route=\/wp\/v2\/types\/post"}],"author":[{"embeddable":true,"href":"https:\/\/encuentroinformativo.com.mx\/index.php?rest_route=\/wp\/v2\/users\/1"}],"replies":[{"embeddable":true,"href":"https:\/\/encuentroinformativo.com.mx\/index.php?rest_route=%2Fwp%2Fv2%2Fcomments&post=8756"}],"version-history":[{"count":1,"href":"https:\/\/encuentroinformativo.com.mx\/index.php?rest_route=\/wp\/v2\/posts\/8756\/revisions"}],"predecessor-version":[{"id":8758,"href":"https:\/\/encuentroinformativo.com.mx\/index.php?rest_route=\/wp\/v2\/posts\/8756\/revisions\/8758"}],"wp:featuredmedia":[{"embeddable":true,"href":"https:\/\/encuentroinformativo.com.mx\/index.php?rest_route=\/wp\/v2\/media\/8757"}],"wp:attachment":[{"href":"https:\/\/encuentroinformativo.com.mx\/index.php?rest_route=%2Fwp%2Fv2%2Fmedia&parent=8756"}],"wp:term":[{"taxonomy":"category","embeddable":true,"href":"https:\/\/encuentroinformativo.com.mx\/index.php?rest_route=%2Fwp%2Fv2%2Fcategories&post=8756"},{"taxonomy":"post_tag","embeddable":true,"href":"https:\/\/encuentroinformativo.com.mx\/index.php?rest_route=%2Fwp%2Fv2%2Ftags&post=8756"}],"curies":[{"name":"wp","href":"https:\/\/api.w.org\/{rel}","templated":true}]}}