{"id":8769,"date":"2020-12-04T09:59:54","date_gmt":"2020-12-04T15:59:54","guid":{"rendered":"https:\/\/encuentroinformativo.com.mx\/?p=8769"},"modified":"2020-12-04T09:59:56","modified_gmt":"2020-12-04T15:59:56","slug":"rehabilitaran-hospital-de-perote-promete-salud","status":"publish","type":"post","link":"https:\/\/encuentroinformativo.com.mx\/?p=8769","title":{"rendered":"Rehabilitar\u00e1n hospital de Perote, promete Salud"},"content":{"rendered":"\n<p><strong>Alejandro \u00c1vila<\/strong><\/p>\n\n\n\n<p>Veracruz, Ver.- La diputada local por Movimiento Ciudadano, Ivonne Trujillo Ortiz, solicit\u00f3 al secretario de Salud, Roberto Ramos Alor una explicaci\u00f3n sobre la falta apoyo al Hospital de Perote, que lleva 12 a\u00f1os sin funcionar y est\u00e1 totalmente en el olvido.<\/p>\n\n\n\n<p>Durante la comparecencia del secretario de Salud ante el Congreso Local, la legisladora se\u00f1al\u00f3 que desde hace m\u00e1s de 10 a\u00f1os administraciones municipales y estatales han olvidado dicho nosocomio y los perjudicados son los ciudadanos de la zona, quienes tienen que trasladarse a otros puntos de la entidad para recibir atenci\u00f3n m\u00e9dica.<\/p>\n\n\n\n<p>Ante esto, el titular de la dependencia estatal, asegur\u00f3 que en enero del 2021 se iniciar\u00e1n los tr\u00e1mites y licitaciones para que se hagan los trabajos de rehabilitaci\u00f3n y quede abierto al p\u00fablico antes de que finalice el siguiente a\u00f1o.<\/p>\n\n\n\n<p>Esta obra, dijo Ramos Alor que costar\u00e1 aproximadamente 60 millones de pesos, pero aclar\u00f3 que ese presupuesto ya lo tiene la Secretar\u00eda de Salud de Veracruz y as\u00ed podr\u00e1n en un lapso no mayor a 9 meses, dar atenci\u00f3n a m\u00e1s de 75 mil habitantes de la zona.<\/p>\n\n\n\n<p>&#8220;En nueve meses tendr\u00e1n su hospital&#8221; dijo a la legisladora del distrito de Perote, y a\u00f1adio que durante su gesti\u00f3n se han rehabilitado los Centros de Salud de Villa Aldama, Atzalan y Las Minas, siendo en Perote donde se han invertido cerca de 33 millones de pesos.<\/p>\n\n\n\n<p>Ivonne Trujillo Ort\u00edz, tambi\u00e9n record\u00f3 que las instalaciones del Centro de Servicios Ampliados de Jalascingo es un espacio moderno, pero no se ha podido poner en operaci\u00f3n, debido a que no cuenta con Rayos X ni laboratorio.<\/p>\n\n\n\n<p>&#8220;Es lamentable que estando tan equipado y con instalaciones dignas, las mujeres no puedan acudir a este Centro de Salud&#8221;, dijo la legisladora, quien recibi\u00f3 la certeza que en 2021 tambi\u00e9n se le dotaria de estas herramientas al lugar.<\/p>\n","protected":false},"excerpt":{"rendered":"<p>Alejandro \u00c1vila Veracruz, Ver.- La diputada local por Movimiento Ciudadano, Ivonne Trujillo Ortiz, solicit\u00f3 al secretario de Salud, Roberto Ramos Alor una explicaci\u00f3n sobre la falta apoyo al Hospital de Perote, que lleva 12 a\u00f1os sin funcionar y est\u00e1 totalmente en el olvido. Durante la comparecencia del secretario de Salud ante el Congreso Local, la [&hellip;]<\/p>\n","protected":false},"author":1,"featured_media":8770,"comment_status":"open","ping_status":"open","sticky":false,"template":"","format":"standard","meta":{"_jetpack_memberships_contains_paid_content":false,"footnotes":""},"categories":[8],"tags":[],"class_list":["post-8769","post","type-post","status-publish","format-standard","has-post-thumbnail","hentry","category-region"],"jetpack_featured_media_url":"https:\/\/encuentroinformativo.com.mx\/wp-content\/uploads\/2020\/12\/50A4182D-66A3-414B-9635-663ABE2EA673.jpeg","jetpack_sharing_enabled":true,"jetpack_likes_enabled":true,"amp_enabled":true,"_links":{"self":[{"href":"https:\/\/encuentroinformativo.com.mx\/index.php?rest_route=\/wp\/v2\/posts\/8769","targetHints":{"allow":["GET"]}}],"collection":[{"href":"https:\/\/encuentroinformativo.com.mx\/index.php?rest_route=\/wp\/v2\/posts"}],"about":[{"href":"https:\/\/encuentroinformativo.com.mx\/index.php?rest_route=\/wp\/v2\/types\/post"}],"author":[{"embeddable":true,"href":"https:\/\/encuentroinformativo.com.mx\/index.php?rest_route=\/wp\/v2\/users\/1"}],"replies":[{"embeddable":true,"href":"https:\/\/encuentroinformativo.com.mx\/index.php?rest_route=%2Fwp%2Fv2%2Fcomments&post=8769"}],"version-history":[{"count":1,"href":"https:\/\/encuentroinformativo.com.mx\/index.php?rest_route=\/wp\/v2\/posts\/8769\/revisions"}],"predecessor-version":[{"id":8771,"href":"https:\/\/encuentroinformativo.com.mx\/index.php?rest_route=\/wp\/v2\/posts\/8769\/revisions\/8771"}],"wp:featuredmedia":[{"embeddable":true,"href":"https:\/\/encuentroinformativo.com.mx\/index.php?rest_route=\/wp\/v2\/media\/8770"}],"wp:attachment":[{"href":"https:\/\/encuentroinformativo.com.mx\/index.php?rest_route=%2Fwp%2Fv2%2Fmedia&parent=8769"}],"wp:term":[{"taxonomy":"category","embeddable":true,"href":"https:\/\/encuentroinformativo.com.mx\/index.php?rest_route=%2Fwp%2Fv2%2Fcategories&post=8769"},{"taxonomy":"post_tag","embeddable":true,"href":"https:\/\/encuentroinformativo.com.mx\/index.php?rest_route=%2Fwp%2Fv2%2Ftags&post=8769"}],"curies":[{"name":"wp","href":"https:\/\/api.w.org\/{rel}","templated":true}]}}