{"id":8786,"date":"2020-12-04T14:50:19","date_gmt":"2020-12-04T20:50:19","guid":{"rendered":"https:\/\/encuentroinformativo.com.mx\/?p=8786"},"modified":"2020-12-04T14:50:21","modified_gmt":"2020-12-04T20:50:21","slug":"fallo-sobre-reforma-electoral-afecta-a-grupos-vulnerables-zepeta","status":"publish","type":"post","link":"https:\/\/encuentroinformativo.com.mx\/?p=8786","title":{"rendered":"Fallo sobre reforma electoral afecta a grupos vulnerables: Zepeta"},"content":{"rendered":"\n<p><strong>Alejandro \u00c1vila<\/strong><\/p>\n\n\n\n<p>Veracruz, Ver.- El declarar invalido por parte de la Suprema Corte de Justicia de la Naci\u00f3n (SCJN) el decreto 580 en el Estado de Veracruz, para hacer una reforma electoral es un golpe que da\u00f1ar\u00e1 a las comunidades m\u00e1s vulnerables, se\u00f1al\u00f3 Esteban Ram\u00edrez Zepeta, aspirante a la dirigencia estatal de MORENA en Veracruz.&nbsp;<\/p>\n\n\n\n<p>Esta situaci\u00f3n solo representa un retroceso en la vida democratica y social del Estado de Veracruz, acu\u00f1\u00f3 el morenista, quien aclar\u00f3 que se hab\u00eda logrado un ahorro de 400 millones de pesos que ser\u00edan destinados a los pueblos m\u00e1s vulnerables, y ahora los que obtendr\u00e1n ese beneficio, ser\u00e1n los partidos pol\u00edticos que consider\u00f3 &#8220;corruptos&#8221;.<\/p>\n\n\n\n<p>&#8220;Representaba un ahorro de 400 millones de pesos que iban a ser beneficiados los pueblos m\u00e1s vulnerables, y ahora ya ese recurso que estaba ya destinado para esa inversi\u00f3n, ya no se va a poder lograr o aterrizar, porque los partidos pol\u00edticos corruptos del PRI, del PAN, del PRD, pues fueron a pelear para que ese ahorro, esa prerrogativa se les regresara&#8221;, acus\u00f3.<\/p>\n\n\n\n<p>Recalc\u00f3 que ese monto de 400 millones de pesos se promovio para ser destinado para programas de salud, educaci\u00f3n, seguridad, desarrollo social, incluyendo INVIVIENDA.<\/p>\n\n\n\n<p>Cabe mencionar que el pasado el pasado 3 de diciembre, la Suprema Corte de Justicia de la Naci\u00f3n (SCJN) emiti\u00f3 el comunicado 242\/2020, donde declara invalido el decreto 580 del Estado de Veracruz, pues argumenta que en ning\u00fan momento, de manera previa, fueron consultados los pueblos y comunidades indigenas y afroamericanas.<\/p>\n\n\n\n<p>&#8220;Los m\u00e1s afectados son los ciudadanos por los intereses de unos grupos pol\u00edticos corruptos, ya no va a haber, en verdad es un da\u00f1o a las arcas gubernamentales, pero sobre todo un da\u00f1o a los ciudadanos que m\u00e1s los necesitaban, son 400 millones de pesos que se iban a ahorrar el pr\u00f3ximo a\u00f1o&#8221;, remat\u00f3.<\/p>\n\n\n\n<p>Si bien dijo que en este momento ser\u00e1 imposible volver a meter la iniciativa, dijo que m\u00e1s adelante volveran a la lucha por concretar ese recorte a los partidos pol\u00edticos, lo cual consider\u00f3 algo muy necesario para la entidad veracruzana.<\/p>\n","protected":false},"excerpt":{"rendered":"<p>Alejandro \u00c1vila Veracruz, Ver.- El declarar invalido por parte de la Suprema Corte de Justicia de la Naci\u00f3n (SCJN) el decreto 580 en el Estado de Veracruz, para hacer una reforma electoral es un golpe que da\u00f1ar\u00e1 a las comunidades m\u00e1s vulnerables, se\u00f1al\u00f3 Esteban Ram\u00edrez Zepeta, aspirante a la dirigencia estatal de MORENA en Veracruz.&nbsp; [&hellip;]<\/p>\n","protected":false},"author":1,"featured_media":8787,"comment_status":"open","ping_status":"open","sticky":false,"template":"","format":"standard","meta":{"_jetpack_memberships_contains_paid_content":false,"footnotes":""},"categories":[2],"tags":[],"class_list":["post-8786","post","type-post","status-publish","format-standard","has-post-thumbnail","hentry","category-estado"],"jetpack_featured_media_url":"https:\/\/encuentroinformativo.com.mx\/wp-content\/uploads\/2020\/12\/CBD8CA27-4BB8-4B2E-9E27-6DE683F409B6.jpeg","jetpack_sharing_enabled":true,"jetpack_likes_enabled":true,"amp_enabled":true,"_links":{"self":[{"href":"https:\/\/encuentroinformativo.com.mx\/index.php?rest_route=\/wp\/v2\/posts\/8786","targetHints":{"allow":["GET"]}}],"collection":[{"href":"https:\/\/encuentroinformativo.com.mx\/index.php?rest_route=\/wp\/v2\/posts"}],"about":[{"href":"https:\/\/encuentroinformativo.com.mx\/index.php?rest_route=\/wp\/v2\/types\/post"}],"author":[{"embeddable":true,"href":"https:\/\/encuentroinformativo.com.mx\/index.php?rest_route=\/wp\/v2\/users\/1"}],"replies":[{"embeddable":true,"href":"https:\/\/encuentroinformativo.com.mx\/index.php?rest_route=%2Fwp%2Fv2%2Fcomments&post=8786"}],"version-history":[{"count":1,"href":"https:\/\/encuentroinformativo.com.mx\/index.php?rest_route=\/wp\/v2\/posts\/8786\/revisions"}],"predecessor-version":[{"id":8788,"href":"https:\/\/encuentroinformativo.com.mx\/index.php?rest_route=\/wp\/v2\/posts\/8786\/revisions\/8788"}],"wp:featuredmedia":[{"embeddable":true,"href":"https:\/\/encuentroinformativo.com.mx\/index.php?rest_route=\/wp\/v2\/media\/8787"}],"wp:attachment":[{"href":"https:\/\/encuentroinformativo.com.mx\/index.php?rest_route=%2Fwp%2Fv2%2Fmedia&parent=8786"}],"wp:term":[{"taxonomy":"category","embeddable":true,"href":"https:\/\/encuentroinformativo.com.mx\/index.php?rest_route=%2Fwp%2Fv2%2Fcategories&post=8786"},{"taxonomy":"post_tag","embeddable":true,"href":"https:\/\/encuentroinformativo.com.mx\/index.php?rest_route=%2Fwp%2Fv2%2Ftags&post=8786"}],"curies":[{"name":"wp","href":"https:\/\/api.w.org\/{rel}","templated":true}]}}