{"id":8819,"date":"2020-12-06T11:54:33","date_gmt":"2020-12-06T17:54:33","guid":{"rendered":"https:\/\/encuentroinformativo.com.mx\/?p=8819"},"modified":"2020-12-06T11:54:36","modified_gmt":"2020-12-06T17:54:36","slug":"realizan-jornada-de-desinfeccion-en-puente-moreno","status":"publish","type":"post","link":"https:\/\/encuentroinformativo.com.mx\/?p=8819","title":{"rendered":"Realizan jornada de desinfecci\u00f3n en Puente Moreno"},"content":{"rendered":"\n<p><strong>Alejandro \u00c1vila<\/strong><\/p>\n\n\n\n<p>Medell\u00edn de Bravo, Ver.- Puente Moreno es la zona de mayor plusval\u00eda del municipio de Medell\u00edn de Bravo, pero tambi\u00e9n es la misma que lleva a\u00f1os peleando por la falta de servicios b\u00e1sicos de calidad, debido a que la constructora no ha municipalizado todo el lugar.<\/p>\n\n\n\n<p>Durante esta pandemia por COVID-19 la situaci\u00f3n de salubridad ha sido una de las quejas m\u00e1s recurrentes, motivo por el cual y ante el reclamo de los vecinos de Puente Moreno y Lagos de Puente Moreno, el Comit\u00e9 Operativo Municipal de Movimiento Ciudadano en Medell\u00edn de Bravo, con el respaldo de la empresa Control de Plagas Trullem, inici\u00f3 una jornada de desinfecci\u00f3n y sanitizaci\u00f3n.<\/p>\n\n\n\n<p>La jornada que inici\u00f3 a primera hora de este s\u00e1bado y se extender\u00e1 durante el domingo, recorri\u00f3 varias viviendas de los diferentes circuitos que hay en la zona, donde se desinfect\u00f3 cada rinc\u00f3n de los hogares.<\/p>\n\n\n\n<p>\u201cNos tenemos que unir como vecinos, como familia, para lograr combatir esta pandemia, nos damos a la tarea de contribuir a la desinfecci\u00f3n casa por casa para el bien com\u00fan del ciudadano medellinense\u201d, resalt\u00f3 Guillermo Herrada Jim\u00e9nez, coordinador de Movimiento Ciudadano en Medell\u00edn de Bravo.<\/p>\n\n\n\n<p>El trabajo fue completo, los aspersores con producto sanitizante recorrieron casas y calles durante m\u00e1s de ocho horas, pues la prioridad es prevenir un probable rebrote, adem\u00e1s de que esta limpieza tambi\u00e9n ayuda a matar hongos y bacterias y cualquier tipo de germen.<\/p>\n\n\n\n<p>Cabe recordar que en Puente Moreno y Lagos de Puente Moreno han reclamado por a\u00f1os el drenado del Arroyo Moreno y la desinfecci\u00f3n del canal, pues las aguas negras que se vierten de ah\u00ed llenan de olores f\u00e9tidos que afectan a ni\u00f1os y adultos mayores.<\/p>\n\n\n\n<p>Finalmente se resalt\u00f3 que el servicio es gratuito y que los productos utilizados no son t\u00f3xico para las personas, mascotas, adem\u00e1s de que no causa da\u00f1os a la ropa, enseres dom\u00e9sticos y electrodom\u00e9sticos, y se cuenta con el certificado de salubridad que as\u00ed lo respalda.<\/p>\n","protected":false},"excerpt":{"rendered":"<p>Alejandro \u00c1vila Medell\u00edn de Bravo, Ver.- Puente Moreno es la zona de mayor plusval\u00eda del municipio de Medell\u00edn de Bravo, pero tambi\u00e9n es la misma que lleva a\u00f1os peleando por la falta de servicios b\u00e1sicos de calidad, debido a que la constructora no ha municipalizado todo el lugar. Durante esta pandemia por COVID-19 la situaci\u00f3n [&hellip;]<\/p>\n","protected":false},"author":1,"featured_media":8820,"comment_status":"open","ping_status":"open","sticky":false,"template":"","format":"standard","meta":{"_jetpack_memberships_contains_paid_content":false,"footnotes":""},"categories":[2],"tags":[],"class_list":["post-8819","post","type-post","status-publish","format-standard","has-post-thumbnail","hentry","category-estado"],"jetpack_featured_media_url":"https:\/\/encuentroinformativo.com.mx\/wp-content\/uploads\/2020\/12\/498003D5-55C2-48D0-A018-940FA4F9EF8A.jpeg","jetpack_sharing_enabled":true,"jetpack_likes_enabled":true,"amp_enabled":true,"_links":{"self":[{"href":"https:\/\/encuentroinformativo.com.mx\/index.php?rest_route=\/wp\/v2\/posts\/8819","targetHints":{"allow":["GET"]}}],"collection":[{"href":"https:\/\/encuentroinformativo.com.mx\/index.php?rest_route=\/wp\/v2\/posts"}],"about":[{"href":"https:\/\/encuentroinformativo.com.mx\/index.php?rest_route=\/wp\/v2\/types\/post"}],"author":[{"embeddable":true,"href":"https:\/\/encuentroinformativo.com.mx\/index.php?rest_route=\/wp\/v2\/users\/1"}],"replies":[{"embeddable":true,"href":"https:\/\/encuentroinformativo.com.mx\/index.php?rest_route=%2Fwp%2Fv2%2Fcomments&post=8819"}],"version-history":[{"count":1,"href":"https:\/\/encuentroinformativo.com.mx\/index.php?rest_route=\/wp\/v2\/posts\/8819\/revisions"}],"predecessor-version":[{"id":8821,"href":"https:\/\/encuentroinformativo.com.mx\/index.php?rest_route=\/wp\/v2\/posts\/8819\/revisions\/8821"}],"wp:featuredmedia":[{"embeddable":true,"href":"https:\/\/encuentroinformativo.com.mx\/index.php?rest_route=\/wp\/v2\/media\/8820"}],"wp:attachment":[{"href":"https:\/\/encuentroinformativo.com.mx\/index.php?rest_route=%2Fwp%2Fv2%2Fmedia&parent=8819"}],"wp:term":[{"taxonomy":"category","embeddable":true,"href":"https:\/\/encuentroinformativo.com.mx\/index.php?rest_route=%2Fwp%2Fv2%2Fcategories&post=8819"},{"taxonomy":"post_tag","embeddable":true,"href":"https:\/\/encuentroinformativo.com.mx\/index.php?rest_route=%2Fwp%2Fv2%2Ftags&post=8819"}],"curies":[{"name":"wp","href":"https:\/\/api.w.org\/{rel}","templated":true}]}}