{"id":8826,"date":"2020-12-06T15:33:57","date_gmt":"2020-12-06T21:33:57","guid":{"rendered":"https:\/\/encuentroinformativo.com.mx\/?p=8826"},"modified":"2020-12-06T15:33:59","modified_gmt":"2020-12-06T21:33:59","slug":"mueren-dos-jovenes-tras-impactarse-en-su-motocicleta","status":"publish","type":"post","link":"https:\/\/encuentroinformativo.com.mx\/?p=8826","title":{"rendered":"Mueren dos j\u00f3venes tras impactarse en su motocicleta"},"content":{"rendered":"\n<p><strong>Alejandro \u00c1vila<\/strong><\/p>\n\n\n\n<p>Medell\u00edn de Bravo, Ver.- Dos j\u00f3venes perdieron la vida al impactar su motocicleta con un \u00e1rbol en el fraccionamiento Arboledas San Miguel del municipio de Medell\u00edn de Bravo.<\/p>\n\n\n\n<p>El accidente ocurri\u00f3 este domingo aproximadamente a las 10 horas, cuando al doblar de la avenida San Miguel a la calle Isleta, Filiberto F.E., de 22 a\u00f1os de edad&nbsp; y Kevin &#8220;N&#8221; de aproximadamente entre 14 a\u00f1os de edad, perdieron el control de la unidad y chocaron contra un \u00e1rbol.<\/p>\n\n\n\n<p>El veh\u00edculo, una Italika F150, de color verde con vivos en negro y placas del estado de Morelos, era conducido presuntamente a exceso de velocidad, la intenci\u00f3n era dirigenrse a una tienda Oxxo para despu\u00e9s ir a un partido de futbol, pero la tragedia los alcanz\u00f3, cuando perdieron el control de la moto.<\/p>\n\n\n\n<p>Debido a las lesiones y golpes, ambos muchachos fallecieron de manera instant\u00e1nea, quedando uno de ellos enredado en una barda metalica que delimitaba un hogar.<\/p>\n\n\n\n<p>Al lugar acudieron elementos de la Polic\u00eda Municipal y Tr\u00e1nsito del Estado delegaci\u00f3n Medell\u00edn, para tomar conocimiento del accidente, dando parte a las autoridades de la Fiscal\u00eda Regional para las diligencias y levantamiento de los cuerpos.<\/p>\n\n\n\n<p>La Polic\u00eda Ministerial realiz\u00f3 el levantamiento de los dos cuerpos que fueron llevados al SEMEFO.<\/p>\n","protected":false},"excerpt":{"rendered":"<p>Alejandro \u00c1vila Medell\u00edn de Bravo, Ver.- Dos j\u00f3venes perdieron la vida al impactar su motocicleta con un \u00e1rbol en el fraccionamiento Arboledas San Miguel del municipio de Medell\u00edn de Bravo. El accidente ocurri\u00f3 este domingo aproximadamente a las 10 horas, cuando al doblar de la avenida San Miguel a la calle Isleta, Filiberto F.E., de [&hellip;]<\/p>\n","protected":false},"author":1,"featured_media":8827,"comment_status":"open","ping_status":"open","sticky":false,"template":"","format":"standard","meta":{"_jetpack_memberships_contains_paid_content":false,"footnotes":""},"categories":[14],"tags":[],"class_list":["post-8826","post","type-post","status-publish","format-standard","has-post-thumbnail","hentry","category-policiaca"],"jetpack_featured_media_url":"https:\/\/encuentroinformativo.com.mx\/wp-content\/uploads\/2020\/12\/C6315BC6-32D7-42E8-B3F9-CF490AE30D60.jpeg","jetpack_sharing_enabled":true,"jetpack_likes_enabled":true,"amp_enabled":true,"_links":{"self":[{"href":"https:\/\/encuentroinformativo.com.mx\/index.php?rest_route=\/wp\/v2\/posts\/8826","targetHints":{"allow":["GET"]}}],"collection":[{"href":"https:\/\/encuentroinformativo.com.mx\/index.php?rest_route=\/wp\/v2\/posts"}],"about":[{"href":"https:\/\/encuentroinformativo.com.mx\/index.php?rest_route=\/wp\/v2\/types\/post"}],"author":[{"embeddable":true,"href":"https:\/\/encuentroinformativo.com.mx\/index.php?rest_route=\/wp\/v2\/users\/1"}],"replies":[{"embeddable":true,"href":"https:\/\/encuentroinformativo.com.mx\/index.php?rest_route=%2Fwp%2Fv2%2Fcomments&post=8826"}],"version-history":[{"count":1,"href":"https:\/\/encuentroinformativo.com.mx\/index.php?rest_route=\/wp\/v2\/posts\/8826\/revisions"}],"predecessor-version":[{"id":8828,"href":"https:\/\/encuentroinformativo.com.mx\/index.php?rest_route=\/wp\/v2\/posts\/8826\/revisions\/8828"}],"wp:featuredmedia":[{"embeddable":true,"href":"https:\/\/encuentroinformativo.com.mx\/index.php?rest_route=\/wp\/v2\/media\/8827"}],"wp:attachment":[{"href":"https:\/\/encuentroinformativo.com.mx\/index.php?rest_route=%2Fwp%2Fv2%2Fmedia&parent=8826"}],"wp:term":[{"taxonomy":"category","embeddable":true,"href":"https:\/\/encuentroinformativo.com.mx\/index.php?rest_route=%2Fwp%2Fv2%2Fcategories&post=8826"},{"taxonomy":"post_tag","embeddable":true,"href":"https:\/\/encuentroinformativo.com.mx\/index.php?rest_route=%2Fwp%2Fv2%2Ftags&post=8826"}],"curies":[{"name":"wp","href":"https:\/\/api.w.org\/{rel}","templated":true}]}}