{"id":883,"date":"2020-03-13T13:29:57","date_gmt":"2020-03-13T19:29:57","guid":{"rendered":"https:\/\/encuentroinformativo.com\/?p=883"},"modified":"2020-03-13T13:30:01","modified_gmt":"2020-03-13T19:30:01","slug":"integrantes-de-fredepo-demandan-obras-pendientes-al-ayuntamiento","status":"publish","type":"post","link":"https:\/\/encuentroinformativo.com.mx\/?p=883","title":{"rendered":"Integrantes de Fredepo demandan obras pendientes al Ayuntamiento"},"content":{"rendered":"\n<p><strong>Juan Arcos <\/strong><\/p>\n\n\n\n<p>Xalapa, Ver.- Integrantes del Frente de Defensa Popular (Fredepo) denunciaron que est\u00e1 detenida la construcci\u00f3n de m\u00e1s de 70 cuartos para dormitorios por parte del ayuntamiento de Xalapa.<\/p>\n\n\n\n<p>Decenas de colonos protestaron en la entrada al Palacio Municipal, donde exigieron una audiencia con el alcalde Hip\u00f3lito Rodr\u00edguez Herrero.<\/p>\n\n\n\n<p>De acuerdo con Ra\u00fal Ruiz Rojas, dirigente municipal de Fredepo, la obra est\u00e1 estancada desde hace a\u00f1o y medio, lo que afecta a personas de escasos recursos que carecen de una vivienda.<\/p>\n\n\n\n<p>Los cuartos para dormitorios se requieren en las colonias Moctezuma I, Moctezuma II, Fredepo Trancas, as\u00ed como tambi\u00e9n, en la congregaci\u00f3n El Tronconal.<\/p>\n\n\n\n<p>\u201cHemos platicado con encargados de obras p\u00fablicas pero no resuelven nada, dicen que no hay presupuesto, que van a tardar\u201d.<\/p>\n\n\n\n<p>El entrevistado mencion\u00f3 que obras p\u00fablicas se hab\u00eda comprometido a iniciar las obras a principios de marzo, situaci\u00f3n que hasta la fecha no ha ocurrido.<\/p>\n\n\n\n<p><\/p>\n\n\n\n<p><\/p>\n","protected":false},"excerpt":{"rendered":"<p>Juan Arcos Xalapa, Ver.- Integrantes del Frente de Defensa Popular (Fredepo) denunciaron que est\u00e1 detenida la construcci\u00f3n de m\u00e1s de 70 cuartos para dormitorios por parte del ayuntamiento de Xalapa. Decenas de colonos protestaron en la entrada al Palacio Municipal, donde exigieron una audiencia con el alcalde Hip\u00f3lito Rodr\u00edguez Herrero. De acuerdo con Ra\u00fal Ruiz [&hellip;]<\/p>\n","protected":false},"author":1,"featured_media":884,"comment_status":"open","ping_status":"open","sticky":false,"template":"","format":"standard","meta":{"_jetpack_memberships_contains_paid_content":false,"footnotes":""},"categories":[3],"tags":[],"class_list":["post-883","post","type-post","status-publish","format-standard","has-post-thumbnail","hentry","category-xalapa"],"jetpack_featured_media_url":"https:\/\/encuentroinformativo.com.mx\/wp-content\/uploads\/2020\/03\/1055FE24-BF38-4B45-93D4-4336622911EE.jpeg","jetpack_sharing_enabled":true,"jetpack_likes_enabled":true,"amp_enabled":true,"_links":{"self":[{"href":"https:\/\/encuentroinformativo.com.mx\/index.php?rest_route=\/wp\/v2\/posts\/883","targetHints":{"allow":["GET"]}}],"collection":[{"href":"https:\/\/encuentroinformativo.com.mx\/index.php?rest_route=\/wp\/v2\/posts"}],"about":[{"href":"https:\/\/encuentroinformativo.com.mx\/index.php?rest_route=\/wp\/v2\/types\/post"}],"author":[{"embeddable":true,"href":"https:\/\/encuentroinformativo.com.mx\/index.php?rest_route=\/wp\/v2\/users\/1"}],"replies":[{"embeddable":true,"href":"https:\/\/encuentroinformativo.com.mx\/index.php?rest_route=%2Fwp%2Fv2%2Fcomments&post=883"}],"version-history":[{"count":1,"href":"https:\/\/encuentroinformativo.com.mx\/index.php?rest_route=\/wp\/v2\/posts\/883\/revisions"}],"predecessor-version":[{"id":885,"href":"https:\/\/encuentroinformativo.com.mx\/index.php?rest_route=\/wp\/v2\/posts\/883\/revisions\/885"}],"wp:featuredmedia":[{"embeddable":true,"href":"https:\/\/encuentroinformativo.com.mx\/index.php?rest_route=\/wp\/v2\/media\/884"}],"wp:attachment":[{"href":"https:\/\/encuentroinformativo.com.mx\/index.php?rest_route=%2Fwp%2Fv2%2Fmedia&parent=883"}],"wp:term":[{"taxonomy":"category","embeddable":true,"href":"https:\/\/encuentroinformativo.com.mx\/index.php?rest_route=%2Fwp%2Fv2%2Fcategories&post=883"},{"taxonomy":"post_tag","embeddable":true,"href":"https:\/\/encuentroinformativo.com.mx\/index.php?rest_route=%2Fwp%2Fv2%2Ftags&post=883"}],"curies":[{"name":"wp","href":"https:\/\/api.w.org\/{rel}","templated":true}]}}