{"id":8830,"date":"2020-12-07T10:55:43","date_gmt":"2020-12-07T16:55:43","guid":{"rendered":"https:\/\/encuentroinformativo.com.mx\/?p=8830"},"modified":"2020-12-07T00:59:47","modified_gmt":"2020-12-07T06:59:47","slug":"semaforo-epidemiologico-comienza-en-casa-se-deben-mantener-precauciones","status":"publish","type":"post","link":"https:\/\/encuentroinformativo.com.mx\/?p=8830","title":{"rendered":"Sem\u00e1foro epidemiol\u00f3gico comienza en casa, se deben mantener precauciones"},"content":{"rendered":"\n<p><strong>*Llama especialista a mantener el uso de cubrebocas como medida de prevenci\u00f3n. <\/strong><\/p>\n\n\n\n<p>Ciudad de M\u00e9xico.- Mauricio Rodr\u00edguez \u00c1lvarez, Vocero de la Comisi\u00f3n Universitaria para la Atenci\u00f3n de la Emergencia del Coronavirus de la UNAM, consider\u00f3 que los mexicanos no debemos esperar a que las autoridades se vean obligadas a poner el sem\u00e1foro epidemiol\u00f3gico a su m\u00e1ximo nivel, por lo cual hizo un llamado a atender la sugerencia de evitar salir del hogar si no es necesario.<\/p>\n\n\n\n<p>\u201cEstamos viendo que en algunas partes del pa\u00eds la situaci\u00f3n derivada de la pandemia es cr\u00edtica, como lo est\u00e1n expresando las propias autoridades, y si lo hacemos, debemos hacerlo con cuidado\u201d, afirm\u00f3.<\/p>\n\n\n\n<p>En la pl\u00e1tica inform\u00e1tica \u00bfQu\u00e9 hacer para no enfermarme de COVID-19? y \u00bfQu\u00e9 hacer si me enfermo?, organizada por el Instituto de Ingenier\u00eda, expuso: estamos frente a una situaci\u00f3n donde la salud y el cuidado individuales tienen repercusiones en la protecci\u00f3n de la colectividad. <strong>El sem\u00e1foro epidemiol\u00f3gico, dijo, comienza en casa.<\/strong><\/p>\n\n\n\n<p><strong>El experto insisti\u00f3 en que el cubrebocas es una herramienta fundamental en todo momento, en especial cuando estamos enfermos o con un enfermo; en el espacio p\u00fablico o al convivir con otras personas. <\/strong>El mejor, puntualiz\u00f3, es el que se usa correctamente al tapar la nariz y la boca, el que no se mueve ni se toca, ni se intercambia.<\/p>\n\n\n\n<p>\u201cNo es necesario que sean N95 o KN95 porque esos son para situaciones de riesgo muy alto. Para usar en casa o la v\u00eda p\u00fablica podemos utilizar los de tela que no nos d\u00e9 comez\u00f3n, que nos moleste\u201d. Los que no se deben usar, alert\u00f3, son de v\u00e1lvula, porque al exhalar, se abre y deja salir part\u00edculas; no sirve de obst\u00e1culo, recalc\u00f3.<\/p>\n\n\n\n<p>El especialista universitario se refiri\u00f3 a la importancia de identificar, atender y aislar oportunamente a los enfermos, as\u00ed como a sus contactos para evitar complicaciones como contagios que requieran hospitalizaci\u00f3n. De ese modo se rompe la cadena de transmisi\u00f3n. Tambi\u00e9n hay que proteger a las personas vulnerables.<\/p>\n\n\n\n<p><strong>Para evitar la transmisi\u00f3n del SARS-CoV-2 se deben atender las siguientes recomendaciones: distancia f\u00edsica, ventilaci\u00f3n, uso de cubrebocas, higiene de manos, pruebas, identificaci\u00f3n de casos, seguir contactos y limpieza de superficies<\/strong>; respetar las indicaciones locales, evitar convivir con personas de otras casas: seis adultos de cuatro casas distintas multiplican los riesgos para todos, explic\u00f3 Rodr\u00edguez \u00c1lvarez.<\/p>\n\n\n\n<p>Lo ideal, prosigui\u00f3, es que no se re\u00fanan personas de m\u00e1s de dos casas y grupos de m\u00e1s de cinco gentes; cuando lo hagan, deben mantener las medidas sanitarias y tampoco deben permanecer en espacios cerrados, sin ventilaci\u00f3n.<\/p>\n\n\n\n<p>Hizo ver que existen diferentes niveles de riesgo: moderado, en situaciones de contacto lejano, a m\u00e1s de metro y medio, sin protecci\u00f3n y en espacio cerrado; bajo, en contacto cercano con protecci\u00f3n, con un enfermo o asintom\u00e1tico y usando cubrebocas; el muy bajo, a m\u00e1s de metro y medio, en espacios abiertos; y nulo, cuando no hay contacto f\u00edsico.<\/p>\n\n\n\n<p>La clave para enfrentar la pandemia es la administraci\u00f3n de riesgos, identificar a los enfermos y sus contactos, as\u00ed como prevenir complicaciones; eso se logra al evitar sitios concurridos o cerrados con mala ventilaci\u00f3n.<\/p>\n\n\n\n<p>Rodr\u00edguez \u00c1lvarez hizo un llamado a no difundir informaci\u00f3n falsa, alarmante o dudosa que puede generar fallas en la respuesta a la situaci\u00f3n. \u201cEn la Comisi\u00f3n Especial y otras instancias de la UNAM hemos creado muchos recursos para poner informaci\u00f3n a disposici\u00f3n de todos\u201d.<\/p>\n","protected":false},"excerpt":{"rendered":"<p>*Llama especialista a mantener el uso de cubrebocas como medida de prevenci\u00f3n. Ciudad de M\u00e9xico.- Mauricio Rodr\u00edguez \u00c1lvarez, Vocero de la Comisi\u00f3n Universitaria para la Atenci\u00f3n de la Emergencia del Coronavirus de la UNAM, consider\u00f3 que los mexicanos no debemos esperar a que las autoridades se vean obligadas a poner el sem\u00e1foro epidemiol\u00f3gico a su [&hellip;]<\/p>\n","protected":false},"author":1,"featured_media":2423,"comment_status":"open","ping_status":"open","sticky":false,"template":"","format":"standard","meta":{"_jetpack_memberships_contains_paid_content":false,"footnotes":""},"categories":[9],"tags":[],"class_list":["post-8830","post","type-post","status-publish","format-standard","has-post-thumbnail","hentry","category-salud"],"jetpack_featured_media_url":"https:\/\/encuentroinformativo.com.mx\/wp-content\/uploads\/2020\/05\/23379E28-1659-48C6-AFB8-6A078B6E8B4F.jpeg","jetpack_sharing_enabled":true,"jetpack_likes_enabled":true,"amp_enabled":true,"_links":{"self":[{"href":"https:\/\/encuentroinformativo.com.mx\/index.php?rest_route=\/wp\/v2\/posts\/8830","targetHints":{"allow":["GET"]}}],"collection":[{"href":"https:\/\/encuentroinformativo.com.mx\/index.php?rest_route=\/wp\/v2\/posts"}],"about":[{"href":"https:\/\/encuentroinformativo.com.mx\/index.php?rest_route=\/wp\/v2\/types\/post"}],"author":[{"embeddable":true,"href":"https:\/\/encuentroinformativo.com.mx\/index.php?rest_route=\/wp\/v2\/users\/1"}],"replies":[{"embeddable":true,"href":"https:\/\/encuentroinformativo.com.mx\/index.php?rest_route=%2Fwp%2Fv2%2Fcomments&post=8830"}],"version-history":[{"count":1,"href":"https:\/\/encuentroinformativo.com.mx\/index.php?rest_route=\/wp\/v2\/posts\/8830\/revisions"}],"predecessor-version":[{"id":8831,"href":"https:\/\/encuentroinformativo.com.mx\/index.php?rest_route=\/wp\/v2\/posts\/8830\/revisions\/8831"}],"wp:featuredmedia":[{"embeddable":true,"href":"https:\/\/encuentroinformativo.com.mx\/index.php?rest_route=\/wp\/v2\/media\/2423"}],"wp:attachment":[{"href":"https:\/\/encuentroinformativo.com.mx\/index.php?rest_route=%2Fwp%2Fv2%2Fmedia&parent=8830"}],"wp:term":[{"taxonomy":"category","embeddable":true,"href":"https:\/\/encuentroinformativo.com.mx\/index.php?rest_route=%2Fwp%2Fv2%2Fcategories&post=8830"},{"taxonomy":"post_tag","embeddable":true,"href":"https:\/\/encuentroinformativo.com.mx\/index.php?rest_route=%2Fwp%2Fv2%2Ftags&post=8830"}],"curies":[{"name":"wp","href":"https:\/\/api.w.org\/{rel}","templated":true}]}}