{"id":8840,"date":"2020-12-07T12:19:05","date_gmt":"2020-12-07T18:19:05","guid":{"rendered":"https:\/\/encuentroinformativo.com.mx\/?p=8840"},"modified":"2020-12-07T12:19:08","modified_gmt":"2020-12-07T18:19:08","slug":"paridad-y-alianzas","status":"publish","type":"post","link":"https:\/\/encuentroinformativo.com.mx\/?p=8840","title":{"rendered":"Paridad y Alianzas"},"content":{"rendered":"\n<p><strong>N\u00fameros Rojos<\/strong><\/p>\n\n\n\n<p><strong>Brenda Caballero<\/strong><\/p>\n\n\n\n<p>\u201c\u00a1Vas t\u00fa, necesitamos una mujer! \u00a1Ya ves que necesitamos cubrir el 50 por ciento de mujeres!\u201d Y as\u00ed, de \u00faltima hora, la hicieron candidata.<\/p>\n\n\n\n<p>\u201cPero \u00bfc\u00f3mo vamos a cubrir la paridad en aquella zona, si es serrana? All\u00e1 las mujeres est\u00e1n en su casa atendiendo a sus hijos, no saben de pol\u00edtica.\u201d<br>\u201cMira \u2018Juanito\u2019, te toca ir a ti, pero ya sabes que con eso de la paridad, tenemos que poner a una mujer. Por eso te vamos a dejar la decisi\u00f3n \u00bfA qu\u00e9 mujer de la familia podemos poner? Ya sabes, en realidad el candidato eres t\u00fa\u201d.<\/p>\n\n\n\n<p>\u201cEs dif\u00edcil encontrar mujeres que quieran postularse a un cargo p\u00fablico&#8230; por su familia, no pueden viajar ni andar en campa\u00f1a\u201d.<\/p>\n\n\n\n<p>Cualquier semejanza de los cuatro casos anteriores con la realidad, es puritita coincidencia.<\/p>\n\n\n\n<p>\u00bfDe verdad es tan dif\u00edcil para los partidos pol\u00edticos postular a mujeres a cargos de elecci\u00f3n popular?<\/p>\n\n\n\n<p>Realmente es complicado entender que en un pa\u00eds donde somos m\u00e1s mujeres que varones a\u00fan se tenga la resistencia a que ellas participen en pol\u00edtica y en diversos \u00e1mbitos p\u00fablicos. La pol\u00edtica no debe seguir con modelos patriarcales o de simulaciones, sin embargo, algunos partidos pol\u00edticos ya piensan en impugnar la decisi\u00f3n del Instituto Nacional Electoral (INE) que propuso que 7 de las 15 gubernaturas que se decidir\u00e1n para 2021 fueran para mujeres.&nbsp;<\/p>\n\n\n\n<p>Ahora, con la figura de las alianzas entre los partidos pol\u00edticos, la paridad puede vivir una situaci\u00f3n complicada.<\/p>\n\n\n\n<p>Hablando de las alianzas entre los partidos pol\u00edticos, por principio puede ser un respiro para los que tienen menos mujeres militantes, ya que otro partido en coalici\u00f3n puede proponerlas para que se lleve a cabo el 50-50, sin embargo, de manera indirecta puede afectar a las y los militantes de cada partido pol\u00edtico que ya ven\u00edan trabajando para ser postulados. Pero dicen por all\u00ed, todo sea por la democracia.<\/p>\n\n\n\n<p><strong>Veracruz en el ojo internacional<\/strong><\/p>\n\n\n\n<p>Dos mujeres, dos casos que causaron indignaci\u00f3n a nivel internacional, \u201creviven\u201d despu\u00e9s de muchos a\u00f1os de sus muertes. La periodista Regina Mart\u00ednez (8 a\u00f1os) y la ind\u00edgena nahua Ernestina Ascencio (13 a\u00f1os).<\/p>\n\n\n\n<p>La primera, asesinada, con muchas controversias en la investigaci\u00f3n sobre su muerte y que ahora parece que la investigaci\u00f3n realizada por varios medios de investigaci\u00f3n&nbsp; como El Pa\u00eds, The Washington Post, The Guardian, Proceso, entre otros, a trav\u00e9s del proyecto The Cartel Project, dar\u00e1n a conocer la verdad que por muchos a\u00f1os se ocult\u00f3 y que ayer puso a Fidel Herrera en Trending Topic.<\/p>\n\n\n\n<p>En el caso de Ernestina, se llev\u00f3 a cabo la primera audiencia en la Comisi\u00f3n Interamericana de los Derechos Humanos donde se volvi\u00f3 a ratificar el dicho de sus familiares donde se\u00f1alan violaci\u00f3n tumultuaria por parte de elementos del ej\u00e9rcito mexicano. A su vez, el Estado mexicano lo desminti\u00f3 con la verdad hist\u00f3rica de muerte por anemia aguda con sangrado de tubo digestivo secundario. Por lo pronto la Fiscal\u00eda General del Estado de Veracruz tiene hasta el 3 de enero para entregar la informaci\u00f3n solicitada en la primera audiencia. \u00bfCu\u00e1l ser\u00e1 el fallo de la Corte?<\/p>\n\n\n\n<p>@NumerosRojos_BC<\/p>\n\n\n\n<p><a href=\"mailto:caballero_brenda@hotmail.com\" target=\"_blank\" rel=\"noreferrer noopener\">caballero_brenda@hotmail.com<\/a><\/p>\n","protected":false},"excerpt":{"rendered":"<p>N\u00fameros Rojos Brenda Caballero \u201c\u00a1Vas t\u00fa, necesitamos una mujer! \u00a1Ya ves que necesitamos cubrir el 50 por ciento de mujeres!\u201d Y as\u00ed, de \u00faltima hora, la hicieron candidata. \u201cPero \u00bfc\u00f3mo vamos a cubrir la paridad en aquella zona, si es serrana? All\u00e1 las mujeres est\u00e1n en su casa atendiendo a sus hijos, no saben de [&hellip;]<\/p>\n","protected":false},"author":1,"featured_media":387,"comment_status":"open","ping_status":"open","sticky":false,"template":"","format":"standard","meta":{"_jetpack_memberships_contains_paid_content":false,"footnotes":""},"categories":[11],"tags":[],"class_list":["post-8840","post","type-post","status-publish","format-standard","has-post-thumbnail","hentry","category-opinion"],"jetpack_featured_media_url":"https:\/\/encuentroinformativo.com.mx\/wp-content\/uploads\/2020\/03\/7CF8A22B-2764-47BE-8F7F-38FE9E5D6A2F.jpeg","jetpack_sharing_enabled":true,"jetpack_likes_enabled":true,"amp_enabled":true,"_links":{"self":[{"href":"https:\/\/encuentroinformativo.com.mx\/index.php?rest_route=\/wp\/v2\/posts\/8840","targetHints":{"allow":["GET"]}}],"collection":[{"href":"https:\/\/encuentroinformativo.com.mx\/index.php?rest_route=\/wp\/v2\/posts"}],"about":[{"href":"https:\/\/encuentroinformativo.com.mx\/index.php?rest_route=\/wp\/v2\/types\/post"}],"author":[{"embeddable":true,"href":"https:\/\/encuentroinformativo.com.mx\/index.php?rest_route=\/wp\/v2\/users\/1"}],"replies":[{"embeddable":true,"href":"https:\/\/encuentroinformativo.com.mx\/index.php?rest_route=%2Fwp%2Fv2%2Fcomments&post=8840"}],"version-history":[{"count":1,"href":"https:\/\/encuentroinformativo.com.mx\/index.php?rest_route=\/wp\/v2\/posts\/8840\/revisions"}],"predecessor-version":[{"id":8841,"href":"https:\/\/encuentroinformativo.com.mx\/index.php?rest_route=\/wp\/v2\/posts\/8840\/revisions\/8841"}],"wp:featuredmedia":[{"embeddable":true,"href":"https:\/\/encuentroinformativo.com.mx\/index.php?rest_route=\/wp\/v2\/media\/387"}],"wp:attachment":[{"href":"https:\/\/encuentroinformativo.com.mx\/index.php?rest_route=%2Fwp%2Fv2%2Fmedia&parent=8840"}],"wp:term":[{"taxonomy":"category","embeddable":true,"href":"https:\/\/encuentroinformativo.com.mx\/index.php?rest_route=%2Fwp%2Fv2%2Fcategories&post=8840"},{"taxonomy":"post_tag","embeddable":true,"href":"https:\/\/encuentroinformativo.com.mx\/index.php?rest_route=%2Fwp%2Fv2%2Ftags&post=8840"}],"curies":[{"name":"wp","href":"https:\/\/api.w.org\/{rel}","templated":true}]}}