{"id":8850,"date":"2020-12-07T14:27:03","date_gmt":"2020-12-07T20:27:03","guid":{"rendered":"https:\/\/encuentroinformativo.com.mx\/?p=8850"},"modified":"2020-12-07T14:27:06","modified_gmt":"2020-12-07T20:27:06","slug":"sin-fecha-para-clases-presenciales-reconoce-secretario","status":"publish","type":"post","link":"https:\/\/encuentroinformativo.com.mx\/?p=8850","title":{"rendered":"Sin fecha para clases presenciales, reconoce secretario"},"content":{"rendered":"\n<p><strong>Dar\u00edo Pale <\/strong><\/p>\n\n\n\n<p>Xalapa, Ver.- No existe ning\u00fan \u00edmpetu de parte de las autoridades educativas\u00a0 de decir que Veracruz ser\u00e1 la primera entidad en retornar a las clases presenciales, as\u00ed lo dio a conocer el\u00a0secretario de Educaci\u00f3n de Veracruz Zenyazen Roberto Escobar Garc\u00eda.\u00a0<\/p>\n\n\n\n<p>Entrevistado en palacio de gobierno dio a conocer que pese a que Veracruz ha pasado al color verde en el sem\u00e1foro de riesgo epidemiol\u00f3gico, no hay apuro para ser los primeros en regresar a clases,\u00a0&#8220;no hay ning\u00fan apuro para nosotros como Secretar\u00eda de Educaci\u00f3n de Veracruz en el sentido de decir vamos a ser los primeros en regresar&#8221;.<\/p>\n\n\n\n<p>Hasta ahora la SEV no ha definido si el regreso ser\u00e1 escalonado, pero han manifestado que ser\u00eda la forma id\u00f3nea cuando se d\u00e9 el regreso a clases presenciales, y es\u00a0que reconoci\u00f3 que la postura de los padres de familia no es la misma que las autoridades porque muchos han externado que no se sienten seguros de mandar a sus hijos a las aulas.<\/p>\n\n\n\n<p>&#8220;La prioridad son las ni\u00f1as, los ni\u00f1os y la salud de nuestros maestros.\u00a0 En ese sentido no vamos a exponer a nadie en decir que vamos a ser el primer estado el regresar&#8221;, se\u00f1al\u00f3.<\/p>\n\n\n\n<p>Zenyazen Escobar reconoci\u00f3 que hay padres de familia que ya quieren el regreso a las aulas, pero tambi\u00e9n hay a a quienes preocupa m\u00e1s el que se d\u00e9 cuando no haya ning\u00fan riesgo.<\/p>\n\n\n\n<p>Refiri\u00f3 que la dependencia a su cargo esta explorando todas las posibilidades para el regreso escalonado y de c\u00f3mo adecuarse a la nueva normalidad,\u00a0&#8220;estaremos muy atentos a los que nos mandate la Federaci\u00f3n y es as\u00ed como lo estaremos haciendo&#8221;.<\/p>\n\n\n\n<p>Reconoci\u00f3 que est\u00e1n consciente que hay clases que se han perdido y de c\u00f3mo se encuentra el ciclo escolar, as\u00ed c\u00f3mo se ha respondido con las clases a distancias.<\/p>\n\n\n\n<p>Finalmente dio a conocer\u00a0que si bien la entidad se encuentra en Sem\u00e1foro Verde se espera que que se mantenga as\u00ed por lo menos cuatro semanas m\u00e1s aunado a que pronto iniciar\u00e1n las vacaciones de Navidad y sin de a\u00f1o.<\/p>\n","protected":false},"excerpt":{"rendered":"<p>Dar\u00edo Pale Xalapa, Ver.- No existe ning\u00fan \u00edmpetu de parte de las autoridades educativas\u00a0 de decir que Veracruz ser\u00e1 la primera entidad en retornar a las clases presenciales, as\u00ed lo dio a conocer el\u00a0secretario de Educaci\u00f3n de Veracruz Zenyazen Roberto Escobar Garc\u00eda.\u00a0 Entrevistado en palacio de gobierno dio a conocer que pese a que Veracruz [&hellip;]<\/p>\n","protected":false},"author":1,"featured_media":8848,"comment_status":"open","ping_status":"open","sticky":false,"template":"","format":"standard","meta":{"_jetpack_memberships_contains_paid_content":false,"footnotes":""},"categories":[2],"tags":[],"class_list":["post-8850","post","type-post","status-publish","format-standard","has-post-thumbnail","hentry","category-estado"],"jetpack_featured_media_url":"https:\/\/encuentroinformativo.com.mx\/wp-content\/uploads\/2020\/12\/840E4179-D496-4324-B1F9-08457756E538.jpeg","jetpack_sharing_enabled":true,"jetpack_likes_enabled":true,"amp_enabled":true,"_links":{"self":[{"href":"https:\/\/encuentroinformativo.com.mx\/index.php?rest_route=\/wp\/v2\/posts\/8850","targetHints":{"allow":["GET"]}}],"collection":[{"href":"https:\/\/encuentroinformativo.com.mx\/index.php?rest_route=\/wp\/v2\/posts"}],"about":[{"href":"https:\/\/encuentroinformativo.com.mx\/index.php?rest_route=\/wp\/v2\/types\/post"}],"author":[{"embeddable":true,"href":"https:\/\/encuentroinformativo.com.mx\/index.php?rest_route=\/wp\/v2\/users\/1"}],"replies":[{"embeddable":true,"href":"https:\/\/encuentroinformativo.com.mx\/index.php?rest_route=%2Fwp%2Fv2%2Fcomments&post=8850"}],"version-history":[{"count":1,"href":"https:\/\/encuentroinformativo.com.mx\/index.php?rest_route=\/wp\/v2\/posts\/8850\/revisions"}],"predecessor-version":[{"id":8851,"href":"https:\/\/encuentroinformativo.com.mx\/index.php?rest_route=\/wp\/v2\/posts\/8850\/revisions\/8851"}],"wp:featuredmedia":[{"embeddable":true,"href":"https:\/\/encuentroinformativo.com.mx\/index.php?rest_route=\/wp\/v2\/media\/8848"}],"wp:attachment":[{"href":"https:\/\/encuentroinformativo.com.mx\/index.php?rest_route=%2Fwp%2Fv2%2Fmedia&parent=8850"}],"wp:term":[{"taxonomy":"category","embeddable":true,"href":"https:\/\/encuentroinformativo.com.mx\/index.php?rest_route=%2Fwp%2Fv2%2Fcategories&post=8850"},{"taxonomy":"post_tag","embeddable":true,"href":"https:\/\/encuentroinformativo.com.mx\/index.php?rest_route=%2Fwp%2Fv2%2Ftags&post=8850"}],"curies":[{"name":"wp","href":"https:\/\/api.w.org\/{rel}","templated":true}]}}